{"id":39575,"date":"2026-03-12T15:57:40","date_gmt":"2026-03-12T18:57:40","guid":{"rendered":"https:\/\/ipatingafc.com.br\/index.php\/2026\/03\/12\/agencia-minas-gerais-mg-010-tera-passarela-de-312-metros-para-garantir-travessia-segura-na-cidade-administrativa\/"},"modified":"2026-03-12T15:57:40","modified_gmt":"2026-03-12T18:57:40","slug":"agencia-minas-gerais-mg-010-tera-passarela-de-312-metros-para-garantir-travessia-segura-na-cidade-administrativa","status":"publish","type":"post","link":"https:\/\/ipatingafc.com.br\/index.php\/2026\/03\/12\/agencia-minas-gerais-mg-010-tera-passarela-de-312-metros-para-garantir-travessia-segura-na-cidade-administrativa\/","title":{"rendered":"Ag\u00eancia Minas Gerais | MG-010 ter\u00e1 passarela de 312 metros para garantir travessia segura na Cidade Administrativa"},"content":{"rendered":"<p><\/p>\n<div>\n<p>O Governo de Minas Gerais vai iniciar as obras de implanta\u00e7\u00e3o da passarela de pedestres na MG-010, em frente \u00e0 Cidade Administrativa de Minas Gerais, na altura do km 16, no trecho entre Belo Horizonte e Lagoa Santa. A ordem de in\u00edcio dos servi\u00e7os foi assinada na\u00a0ter\u00e7a-feira (10\/3), em solenidade realizada no Pal\u00e1cio Tiradentes, marcando mais um avan\u00e7o nas a\u00e7\u00f5es voltadas \u00e0 seguran\u00e7a vi\u00e1ria na Regi\u00e3o Metropolitana de Belo Horizonte.<\/p>\n<figure class=\"image\" style=\"float:left\">&#13;<figcaption><em><sup>DER \/ Divulga\u00e7\u00e3o<\/sup><\/em><\/figcaption>&#13;<br \/>\n<\/figure>\n<p>Com 312 metros de extens\u00e3o, a estrutura \u00e9 uma antiga reivindica\u00e7\u00e3o de servidores p\u00fablicos estaduais e de moradores da regi\u00e3o de S\u00e3o Benedito, em Santa Luzia, e de Venda Nova, especialmente do bairro Serra Verde, que utilizam diariamente o trecho para se deslocar entre os dois lados da rodovia. A MG-010 \u00e9 um dos principais corredores de acesso ao Vetor Norte da capital e concentra intenso fluxo de ve\u00edculos e pedestres.<\/p>\n<p>O investimento \u00e9 de R$ 5.658.828,94, viabilizado por meio de instrumento de repasse firmado entre o Minist\u00e9rio das Cidades e a Secretaria de Estado de Infraestrutura, Mobilidade e Parcerias de Minas Gerais, a partir de emenda parlamentar.<\/p>\n<p>A licita\u00e7\u00e3o, na modalidade concorr\u00eancia eletr\u00f4nica, foi realizada pelo Departamento de Estradas de Rodagem de Minas Gerais e homologada em 24 de janeiro de 2026. O contrato prev\u00ea a execu\u00e7\u00e3o completa da passarela, considerada estrat\u00e9gica para ampliar a seguran\u00e7a e organizar a travessia em um dos pontos de maior movimenta\u00e7\u00e3o da rodovia.<\/p>\n<p>A nova estrutura vai beneficiar moradores do entorno da Cidade Administrativa, da regi\u00e3o de S\u00e3o Benedito, em Santa Luzia, e de Venda Nova, especialmente do bairro Serra Verde, al\u00e9m de facilitar o acesso de comunidades de outros munic\u00edpios do Vetor Norte, como Vespasiano, Lagoa Santa, Confins, Matozinhos e Capim Branco. A passarela atender\u00e1 tanto a popula\u00e7\u00e3o em geral quanto os servidores p\u00fablicos que trabalham na Cidade Administrativa.<\/p>\n<p>Com prazo de execu\u00e7\u00e3o de 240 dias consecutivos, contados a partir da ordem de in\u00edcio dos servi\u00e7os, a obra dever\u00e1 gerar cerca de 90 empregos diretos e indiretos. A estrutura ir\u00e1 transpor todas as faixas da MG-010, nos dois sentidos, garantindo travessia segura, organizada e acess\u00edvel aos usu\u00e1rios.<\/p>\n<p>\u201cEssa \u00e9 uma demanda antiga da regi\u00e3o que conseguimos tirar do papel. A constru\u00e7\u00e3o da passarela vai salvar vidas, reduzir riscos e garantir uma travessia mais segura para quem circula diariamente pelos bairros no entorno da Cidade Administrativa\u201d, destaca o secret\u00e1rio de Infraestrutura, Mobilidade e Parcerias, Pedro Bruno.<\/p>\n<p>A interven\u00e7\u00e3o refor\u00e7a o compromisso do Governo de Minas com a promo\u00e7\u00e3o de mobilidade segura, acess\u00edvel e eficiente, contribuindo para a redu\u00e7\u00e3o de riscos de acidentes e para a melhoria das condi\u00e7\u00f5es de deslocamento na regi\u00e3o.<\/p>\n<\/p><\/div>\n","protected":false},"excerpt":{"rendered":"<p>O Governo de Minas Gerais vai iniciar as obras de implanta\u00e7\u00e3o da passarela de pedestres&#8230;<\/p>\n","protected":false},"author":2,"featured_media":0,"comment_status":"","ping_status":"","sticky":false,"template":"","format":"standard","meta":{"footnotes":""},"categories":[2],"tags":[],"class_list":["post-39575","post","type-post","status-publish","format-standard","hentry","category-jogos-ao-vivo"],"amp_enabled":true,"_links":{"self":[{"href":"https:\/\/ipatingafc.com.br\/index.php\/wp-json\/wp\/v2\/posts\/39575","targetHints":{"allow":["GET"]}}],"collection":[{"href":"https:\/\/ipatingafc.com.br\/index.php\/wp-json\/wp\/v2\/posts"}],"about":[{"href":"https:\/\/ipatingafc.com.br\/index.php\/wp-json\/wp\/v2\/types\/post"}],"author":[{"embeddable":true,"href":"https:\/\/ipatingafc.com.br\/index.php\/wp-json\/wp\/v2\/users\/2"}],"replies":[{"embeddable":true,"href":"https:\/\/ipatingafc.com.br\/index.php\/wp-json\/wp\/v2\/comments?post=39575"}],"version-history":[{"count":0,"href":"https:\/\/ipatingafc.com.br\/index.php\/wp-json\/wp\/v2\/posts\/39575\/revisions"}],"wp:attachment":[{"href":"https:\/\/ipatingafc.com.br\/index.php\/wp-json\/wp\/v2\/media?parent=39575"}],"wp:term":[{"taxonomy":"category","embeddable":true,"href":"https:\/\/ipatingafc.com.br\/index.php\/wp-json\/wp\/v2\/categories?post=39575"},{"taxonomy":"post_tag","embeddable":true,"href":"https:\/\/ipatingafc.com.br\/index.php\/wp-json\/wp\/v2\/tags?post=39575"}],"curies":[{"name":"wp","href":"https:\/\/api.w.org\/{rel}","templated":true}]}}