{"id":39580,"date":"2026-03-12T17:31:44","date_gmt":"2026-03-12T20:31:44","guid":{"rendered":"https:\/\/ipatingafc.com.br\/index.php\/2026\/03\/12\/tuneis-santa-barbara-jose-alencar-acustico-e-zuzu-angel-serao-fechados-para-manutencao-prefeitura-da-cidade-do-rio-de-janeiro\/"},"modified":"2026-03-12T17:31:44","modified_gmt":"2026-03-12T20:31:44","slug":"tuneis-santa-barbara-jose-alencar-acustico-e-zuzu-angel-serao-fechados-para-manutencao-prefeitura-da-cidade-do-rio-de-janeiro","status":"publish","type":"post","link":"https:\/\/ipatingafc.com.br\/index.php\/2026\/03\/12\/tuneis-santa-barbara-jose-alencar-acustico-e-zuzu-angel-serao-fechados-para-manutencao-prefeitura-da-cidade-do-rio-de-janeiro\/","title":{"rendered":"T\u00faneis Santa B\u00e1rbara, Jos\u00e9 Alencar, Ac\u00fastico e Zuzu Angel ser\u00e3o fechados para manuten\u00e7\u00e3o &#8211; Prefeitura da Cidade do Rio de Janeiro"},"content":{"rendered":"<p><\/p>\n<div id=\"main\">\n<div class=\"wrapper-breadcrumbs\" wp_automatic_readability=\"31.636127917027\">\n<div class=\"image-post\" wp_automatic_readability=\"32\">\n                     T\u00fanel Ac\u00fastico Rafael Mascarenhas &#8211; Marcos de Paula\/Prefeitura do Rio                  <\/div>\n<p>O T\u00fanel Santa B\u00e1rbara ser\u00e1 interditado para manuten\u00e7\u00e3o, no sentido Laranjeiras, das 23h30 desta quinta-feira (12\/3) \u00e0s 5h de sexta-feira (13\/3). A galeria no sentido Santo Cristo funcionar\u00e1 normalmente.<\/p>\n<p>Os t\u00faneis Zuzu Angel e Ac\u00fastico Rafael Mascarenhas ser\u00e3o fechados no sentido S\u00e3o Conrado, das 23h desta quinta-feira \u00e0s 5h de sexta-feira, para servi\u00e7os de manuten\u00e7\u00e3o. A principal op\u00e7\u00e3o para desvio \u00e9 a Avenida Niemeyer.<\/p>\n<p>O T\u00fanel Vice-Presidente da Rep\u00fablica Jos\u00e9 Alencar ser\u00e1 interditado, no sentido Barra da Tijuca, das 23h desta quinta-feira \u00e0s 4h de sexta-feira, para manuten\u00e7\u00e3o. Os ve\u00edculos que seguem em dire\u00e7\u00e3o a Barra ser\u00e3o desviados pela Serra da Grota Funda (Avenida Artur Xex\u00e9o).<\/p>\n<p>Os \u00f4nibus do BRT que seguem para Barra dever\u00e3o trafegar pela calha da galeria oposta. J\u00e1 os \u00f4nibus que circulam originalmente pela calha no sentido Santa Cruz seguir\u00e3o pela pista comum a todos os ve\u00edculos.<\/p>\n<p>O tablado inferior do Elevado das Bandeiras ser\u00e1 fechado no sentido S\u00e3o Conrado, das 23h desta quinta-feira \u00e0s 4h30 de sexta-feira,\u00a0 para manuten\u00e7\u00e3o. A liga\u00e7\u00e3o Barra da Tijuca-S\u00e3o Conrado ser\u00e1 feita pelo tablado superior.<\/p>\n<p>Sinaliza\u00e7\u00e3o especifica ser\u00e1 instalada para orientar e alertar os motoristas. Operadores da CET-Rio estar\u00e3o monitorando as condi\u00e7\u00f5es do tr\u00e2nsito e v\u00e3o atuar, se necess\u00e1rio. Al\u00e9m disso, os tempos semaf\u00f3ricos ser\u00e3o ajustados para melhorar a fluidez na rota de desvio e nos principais corredores das regi\u00f5es.<\/p>\n<p>             <!-- Compartilhe ---><\/p>\n<p>\t\t\t <!-- TAGS --><\/p>\n<section class=\"category-tags\">\n<div class=\"marcacao-category\">\n<article class=\"category-post\">\n<p>Categoria: <\/p>\n<\/article>\n<li>12 de mar\u00e7o de 2026<\/li><\/div>\n<article class=\"tags\">\n\t\t\t\t\tMarca\u00e7\u00f5es: CET-Rio Elevado das Bandeiras interdi\u00e7\u00f5es manuten\u00e7\u00e3o tr\u00e2nsito T\u00fanel Ac\u00fastico Rafael Mascarenhas T\u00fanel Santa B\u00e1rbara T\u00fanel Zuzu Angel<br \/><\/article>\n<\/section>\n<p>            <!-- Mais Not&iacute;cias --><\/p>\n<p>\t\t<!-- Conte&uacute;do SIDEBAR --><\/p><\/div>\n<\/p><\/div>\n","protected":false},"excerpt":{"rendered":"<p>T\u00fanel Ac\u00fastico Rafael Mascarenhas &#8211; Marcos de Paula\/Prefeitura do Rio O T\u00fanel Santa B\u00e1rbara ser\u00e1&#8230;<\/p>\n","protected":false},"author":2,"featured_media":0,"comment_status":"","ping_status":"","sticky":false,"template":"","format":"standard","meta":{"footnotes":""},"categories":[2],"tags":[],"class_list":["post-39580","post","type-post","status-publish","format-standard","hentry","category-jogos-ao-vivo"],"amp_enabled":true,"_links":{"self":[{"href":"https:\/\/ipatingafc.com.br\/index.php\/wp-json\/wp\/v2\/posts\/39580","targetHints":{"allow":["GET"]}}],"collection":[{"href":"https:\/\/ipatingafc.com.br\/index.php\/wp-json\/wp\/v2\/posts"}],"about":[{"href":"https:\/\/ipatingafc.com.br\/index.php\/wp-json\/wp\/v2\/types\/post"}],"author":[{"embeddable":true,"href":"https:\/\/ipatingafc.com.br\/index.php\/wp-json\/wp\/v2\/users\/2"}],"replies":[{"embeddable":true,"href":"https:\/\/ipatingafc.com.br\/index.php\/wp-json\/wp\/v2\/comments?post=39580"}],"version-history":[{"count":0,"href":"https:\/\/ipatingafc.com.br\/index.php\/wp-json\/wp\/v2\/posts\/39580\/revisions"}],"wp:attachment":[{"href":"https:\/\/ipatingafc.com.br\/index.php\/wp-json\/wp\/v2\/media?parent=39580"}],"wp:term":[{"taxonomy":"category","embeddable":true,"href":"https:\/\/ipatingafc.com.br\/index.php\/wp-json\/wp\/v2\/categories?post=39580"},{"taxonomy":"post_tag","embeddable":true,"href":"https:\/\/ipatingafc.com.br\/index.php\/wp-json\/wp\/v2\/tags?post=39580"}],"curies":[{"name":"wp","href":"https:\/\/api.w.org\/{rel}","templated":true}]}}