{"id":39582,"date":"2026-03-12T18:18:38","date_gmt":"2026-03-12T21:18:38","guid":{"rendered":"https:\/\/ipatingafc.com.br\/index.php\/2026\/03\/12\/agencia-minas-gerais-vacinacao-contra-dengue-segue-aberta-para-moradores-de-nova-lima-e-amplia-protecao-da-populacao\/"},"modified":"2026-03-12T18:18:38","modified_gmt":"2026-03-12T21:18:38","slug":"agencia-minas-gerais-vacinacao-contra-dengue-segue-aberta-para-moradores-de-nova-lima-e-amplia-protecao-da-populacao","status":"publish","type":"post","link":"https:\/\/ipatingafc.com.br\/index.php\/2026\/03\/12\/agencia-minas-gerais-vacinacao-contra-dengue-segue-aberta-para-moradores-de-nova-lima-e-amplia-protecao-da-populacao\/","title":{"rendered":"Ag\u00eancia Minas Gerais | Vacina\u00e7\u00e3o contra dengue segue aberta para moradores de Nova Lima e amplia prote\u00e7\u00e3o da popula\u00e7\u00e3o"},"content":{"rendered":"<p><\/p>\n<div>\n<p lang=\"PT-BR\">A vacina\u00e7\u00e3o contra a dengue segue avan\u00e7ando em Nova Lima, na Regi\u00e3o Metropolitana de Belo Horizonte. O munic\u00edpio foi escolhido para receber o projeto-piloto nacional da vacina desenvolvida pelo Instituto Butantan, aplicada em dose \u00fanica em moradores de 15 a 59 anos.\u00a0\u00a0<\/p>\n<p lang=\"PT-BR\">A imuniza\u00e7\u00e3o come\u00e7ou em 17\/1, em a\u00e7\u00e3o realizada pelo Governo de Minas, por meio da Secretaria de Estado de Sa\u00fade (SES-MG), em parceria com a Prefeitura de Nova Lima. Dados preliminares indicam que, at\u00e9 8\/3, foram aplicadas quase 27 mil doses, o que representa cerca de 34% de cobertura da popula\u00e7\u00e3o eleg\u00edvel.\u00a0\u00a0<\/p>\n<p lang=\"PT-BR\">A estrat\u00e9gia busca alcan\u00e7ar pelo menos 50% de cobertura vacinal em curto intervalo de tempo. Segundo o subsecret\u00e1rio de Vigil\u00e2ncia em Sa\u00fade da SES-MG, Eduardo\u00a0Prosdocimi, atingir essa meta \u00e9 essencial para avaliar o impacto da vacina\u00e7\u00e3o na redu\u00e7\u00e3o da doen\u00e7a.\u00a0\u00a0<\/p>\n<p lang=\"PT-BR\">\u201cNova Lima \u00e9 uma das tr\u00eas cidades brasileiras escolhidas para essa estrat\u00e9gia e precisamos alcan\u00e7ar a meta de cobertura para medir o impacto da vacina e avan\u00e7ar na prote\u00e7\u00e3o da popula\u00e7\u00e3o. \u00c9 uma vacina nacional, eficaz e segura\u201d, afirma.\u00a0\u00a0<\/p>\n<p lang=\"PT-BR\">A escolha de Nova Lima foi definida de forma conjunta pela Fiocruz Minas, pelo Minist\u00e9rio da Sa\u00fade e pela SES-MG, com base em crit\u00e9rios t\u00e9cnicos e epidemiol\u00f3gicos. A experi\u00eancia tamb\u00e9m permitir\u00e1 testar estrat\u00e9gias log\u00edsticas e operacionais para subsidiar a amplia\u00e7\u00e3o da vacina\u00e7\u00e3o em outros munic\u00edpios do pa\u00eds.\u00a0Al\u00e9m de Nova Lima, o projeto-piloto ocorre em Maranguape, no Cear\u00e1, e Botucatu, em S\u00e3o Paulo.\u00a0<\/p>\n<p lang=\"PT-BR\">A iniciativa integra o conjunto de estrat\u00e9gias adotadas pelo Governo de Minas para o enfrentamento das arboviroses. A SES-MG destina cerca de R$ 210 milh\u00f5es por ano para a\u00e7\u00f5es de preven\u00e7\u00e3o, vigil\u00e2ncia e assist\u00eancia em todo o estado.\u00a0<\/p>\n<p lang=\"PT-BR\"><strong>Seguran\u00e7a e\u00a0efic\u00e1cia\u00a0\u00a0<\/strong><\/p>\n<p lang=\"PT-BR\">Estudo publicado no in\u00edcio deste m\u00eas na revista cient\u00edfica\u00a0Nature\u00a0Medicine demonstrou que a vacina apresentou efic\u00e1cia de mais de 80% contra casos de dengue grave e dengue com sinais de alerta ao longo de cinco anos de acompanhamento.\u00a0\u00a0<\/p>\n<p lang=\"PT-BR\">Os resultados tamb\u00e9m indicaram prote\u00e7\u00e3o contra hospitaliza\u00e7\u00f5es pela doen\u00e7a, sem registro de interna\u00e7\u00f5es entre os participantes que receberam a vacina durante o per\u00edodo analisado.\u00a0A efic\u00e1cia geral para prevenir dengue sintom\u00e1tica foi de cerca de 65% no per\u00edodo de cinco anos. O imunizante tamb\u00e9m demonstrou prote\u00e7\u00e3o independentemente de a pessoa j\u00e1 ter tido dengue anteriormente.\u00a0Os estudos apontam ainda um perfil de seguran\u00e7a consistente em diferentes faixas et\u00e1rias.\u00a0\u00a0<\/p>\n<p><strong>Estrat\u00e9gia para ampliar a prote\u00e7\u00e3o\u00a0<\/strong><\/p>\n<p lang=\"PT-BR\">Para facilitar o acesso da popula\u00e7\u00e3o, a vacina est\u00e1 dispon\u00edvel nas Unidades B\u00e1sicas de Sa\u00fade e nos\u00a0vacim\u00f3veis\u00a0instalados em pontos estrat\u00e9gicos da cidade. O munic\u00edpio tamb\u00e9m realiza a\u00e7\u00f5es de vacina\u00e7\u00e3o em sistema drive-thru\u00a0e atividades extramuros em empresas e espa\u00e7os p\u00fablicos.\u00a0<\/p>\n<p lang=\"PT-BR\">Podem se vacinar moradores de 15 a 59 anos. \u00c9 necess\u00e1rio apresentar documento de identidade, cart\u00e3o de vacina\u00e7\u00e3o e comprovante de resid\u00eancia.\u00a0<\/p>\n<p lang=\"PT-BR\">\u201c\u00c9 fundamental que o p\u00fablico se imunize durante esse per\u00edodo sazonal para que possamos observar, na pr\u00e1tica, a redu\u00e7\u00e3o no n\u00famero de casos e especialmente das hospitaliza\u00e7\u00f5es por dengue\u201d, destaca\u00a0Prosdocimi.\u00a0<\/p>\n<p lang=\"PT-BR\">Gestantes, lactantes, pessoas com imunodefici\u00eancia, em uso de terapias imunossupressoras ou que tiveram dengue nos \u00faltimos seis meses n\u00e3o devem receber a vacina neste momento. Pessoas que tiveram febre amarela,\u00a0zika\u00a0ou\u00a0chikungunya\u00a0devem aguardar 30 dias para se vacinar.\u00a0<\/p>\n<p lang=\"PT-BR\">\u00a0<\/p>\n<p lang=\"PT-BR\">\u00a0\u00a0<\/p>\n<\/p><\/div>\n","protected":false},"excerpt":{"rendered":"<p>A vacina\u00e7\u00e3o contra a dengue segue avan\u00e7ando em Nova Lima, na Regi\u00e3o Metropolitana de Belo&#8230;<\/p>\n","protected":false},"author":2,"featured_media":0,"comment_status":"","ping_status":"","sticky":false,"template":"","format":"standard","meta":{"footnotes":""},"categories":[2],"tags":[],"class_list":["post-39582","post","type-post","status-publish","format-standard","hentry","category-jogos-ao-vivo"],"amp_enabled":true,"_links":{"self":[{"href":"https:\/\/ipatingafc.com.br\/index.php\/wp-json\/wp\/v2\/posts\/39582","targetHints":{"allow":["GET"]}}],"collection":[{"href":"https:\/\/ipatingafc.com.br\/index.php\/wp-json\/wp\/v2\/posts"}],"about":[{"href":"https:\/\/ipatingafc.com.br\/index.php\/wp-json\/wp\/v2\/types\/post"}],"author":[{"embeddable":true,"href":"https:\/\/ipatingafc.com.br\/index.php\/wp-json\/wp\/v2\/users\/2"}],"replies":[{"embeddable":true,"href":"https:\/\/ipatingafc.com.br\/index.php\/wp-json\/wp\/v2\/comments?post=39582"}],"version-history":[{"count":0,"href":"https:\/\/ipatingafc.com.br\/index.php\/wp-json\/wp\/v2\/posts\/39582\/revisions"}],"wp:attachment":[{"href":"https:\/\/ipatingafc.com.br\/index.php\/wp-json\/wp\/v2\/media?parent=39582"}],"wp:term":[{"taxonomy":"category","embeddable":true,"href":"https:\/\/ipatingafc.com.br\/index.php\/wp-json\/wp\/v2\/categories?post=39582"},{"taxonomy":"post_tag","embeddable":true,"href":"https:\/\/ipatingafc.com.br\/index.php\/wp-json\/wp\/v2\/tags?post=39582"}],"curies":[{"name":"wp","href":"https:\/\/api.w.org\/{rel}","templated":true}]}}