{"id":39589,"date":"2026-03-12T20:52:03","date_gmt":"2026-03-12T23:52:03","guid":{"rendered":"https:\/\/ipatingafc.com.br\/index.php\/2026\/03\/12\/moraes-nega-visita-de-assessor-de-trump-a-bolsonaro-na-papudinha\/"},"modified":"2026-03-12T20:52:03","modified_gmt":"2026-03-12T23:52:03","slug":"moraes-nega-visita-de-assessor-de-trump-a-bolsonaro-na-papudinha","status":"publish","type":"post","link":"https:\/\/ipatingafc.com.br\/index.php\/2026\/03\/12\/moraes-nega-visita-de-assessor-de-trump-a-bolsonaro-na-papudinha\/","title":{"rendered":"Moraes nega visita de assessor de Trump a Bolsonaro na Papudinha"},"content":{"rendered":"<p><\/p>\n<div wp_automatic_readability=\"56.284602076125\">\n<p><strong>O ministro Alexandre de Moraes, do Supremo Tribunal Federal (STF), negou nesta quinta-feira (12) o pedido do ex-presidente Jair Bolsonaro para receber a visita de Darren Beattie,\u00a0assessor do governo dos Estados Unidos, na pris\u00e3o.<\/strong><\/p>\n<p>Na decis\u00e3o, <strong>Moraes disse que a visita do assessor do presidente Donald Trump n\u00e3o foi comunicada \u00e0 diplomacia brasileira e n\u00e3o est\u00e1 inserida na agenda oficial que ser\u00e1 cumprida no Brasil.<\/strong><\/p>\n<blockquote wp_automatic_readability=\"15.75\">\n<p>\u201cA realiza\u00e7\u00e3o da visita de Darren Beattie, requerida nestes autos pela Defesa de Jair Messias Bolsonaro, n\u00e3o est\u00e1 inserida no contexto diplom\u00e1tico que autorizou a concess\u00e3o do visto e seu ingresso no territ\u00f3rio brasileiro, al\u00e9m de n\u00e3o ter sido comunicada, previamente, \u00e0s autoridades diplom\u00e1ticas brasileiras, o que, inclusive poderia ensejar a rean\u00e1lise do visto concedido\u201d, decidiu o ministro.<\/p>\n<p><strong>D\u00f3lar encosta em R$ 5,25 com agravamento da guerra no Oriente M\u00e9dio<\/strong><\/p>\n<p><strong>UFRJ ter\u00e1 novo centro de tratamento e pesquisa sobre doen\u00e7as raras<\/strong><\/p>\n<\/blockquote>\n<p>Mais cedo,\u00a0o ministro das Rela\u00e7\u00f5es Exteriores, Mauro Vieira, informou a Moraes que a visita a Bolsonaro pode configurar \u201cindevida inger\u00eancia\u201d em assuntos internos do Brasil.<\/p>\n<p>Segundo Vieira, a embaixada do Estados Unidos no Brasil informou ao governo brasileiro que Darren Beattie vem ao Brasil para participar do F\u00f3rum Brasil-EUA de Minerais Cr\u00edticos, que ser\u00e1 realizado em S\u00e3o Paulo, na pr\u00f3xima quarta-feira (18).<\/p>\n<p>O chanceler acrescentou ainda que a representa\u00e7\u00e3o norte-americana n\u00e3o mencionou eventuais visitas fora da agenda oficial.<\/p>\n<p>No in\u00edcio desta semana, a defesa de Bolsonaro pediu que a visita seja realizada na pr\u00f3xima segunda-feira (16), no per\u00edodo da manh\u00e3, ou na ter\u00e7a-feira (17), datas em que o assessor estar\u00e1 em visita oficial ao Brasil. A entrada de um tradutor na pris\u00e3o tamb\u00e9m foi solicitada.<\/p>\n<p><strong>Vieira: visita de assessor de Trump a Bolsonaro pode ser inger\u00eancia<\/strong><\/p>\n<p><strong>Estudo indica que Cerrado pode armazenar mais carbono que Amaz\u00f4nia<\/strong><\/p>\n<p>Bolsonaro\u00a0foi condenado a 27 anos e tr\u00eas meses pris\u00e3o na a\u00e7\u00e3o penal da trama golpista e cumpre pena no 19\u00b0 Batalh\u00e3o da Pol\u00edcia Militar, localizado dentro do Complexo Penitenci\u00e1rio da Papuda, em Bras\u00edlia.<\/p>\n<p>O local \u00e9 conhecido como Papudinha\u00a0e \u00e9 destinado a presos especiais, como policiais, advogados e ju\u00edzes.\u00a0<\/p>\n<\/div>\n","protected":false},"excerpt":{"rendered":"<p>O ministro Alexandre de Moraes, do Supremo Tribunal Federal (STF), negou nesta quinta-feira (12) o&#8230;<\/p>\n","protected":false},"author":2,"featured_media":0,"comment_status":"","ping_status":"","sticky":false,"template":"","format":"standard","meta":{"footnotes":""},"categories":[2],"tags":[],"class_list":["post-39589","post","type-post","status-publish","format-standard","hentry","category-jogos-ao-vivo"],"amp_enabled":true,"_links":{"self":[{"href":"https:\/\/ipatingafc.com.br\/index.php\/wp-json\/wp\/v2\/posts\/39589","targetHints":{"allow":["GET"]}}],"collection":[{"href":"https:\/\/ipatingafc.com.br\/index.php\/wp-json\/wp\/v2\/posts"}],"about":[{"href":"https:\/\/ipatingafc.com.br\/index.php\/wp-json\/wp\/v2\/types\/post"}],"author":[{"embeddable":true,"href":"https:\/\/ipatingafc.com.br\/index.php\/wp-json\/wp\/v2\/users\/2"}],"replies":[{"embeddable":true,"href":"https:\/\/ipatingafc.com.br\/index.php\/wp-json\/wp\/v2\/comments?post=39589"}],"version-history":[{"count":0,"href":"https:\/\/ipatingafc.com.br\/index.php\/wp-json\/wp\/v2\/posts\/39589\/revisions"}],"wp:attachment":[{"href":"https:\/\/ipatingafc.com.br\/index.php\/wp-json\/wp\/v2\/media?parent=39589"}],"wp:term":[{"taxonomy":"category","embeddable":true,"href":"https:\/\/ipatingafc.com.br\/index.php\/wp-json\/wp\/v2\/categories?post=39589"},{"taxonomy":"post_tag","embeddable":true,"href":"https:\/\/ipatingafc.com.br\/index.php\/wp-json\/wp\/v2\/tags?post=39589"}],"curies":[{"name":"wp","href":"https:\/\/api.w.org\/{rel}","templated":true}]}}