{"id":39590,"date":"2026-03-12T21:26:43","date_gmt":"2026-03-13T00:26:43","guid":{"rendered":"https:\/\/ipatingafc.com.br\/index.php\/2026\/03\/12\/feira-de-adocao-de-caes-do-canil-municipal-ocorrera-no-parque-campolim-neste-sabado-14-agencia-de-noticias\/"},"modified":"2026-03-12T21:26:43","modified_gmt":"2026-03-13T00:26:43","slug":"feira-de-adocao-de-caes-do-canil-municipal-ocorrera-no-parque-campolim-neste-sabado-14-agencia-de-noticias","status":"publish","type":"post","link":"https:\/\/ipatingafc.com.br\/index.php\/2026\/03\/12\/feira-de-adocao-de-caes-do-canil-municipal-ocorrera-no-parque-campolim-neste-sabado-14-agencia-de-noticias\/","title":{"rendered":"Feira de ado\u00e7\u00e3o de c\u00e3es do Canil Municipal ocorrer\u00e1 no Parque Campolim neste s\u00e1bado (14) \u2013 Ag\u00eancia de Not\u00edcias"},"content":{"rendered":"<p><\/p>\n<div wp_automatic_readability=\"31\">\n<div class=\"col\" wp_automatic_readability=\"7\">\n<p class=\"mt-0\">\n                        <strong><br \/>\n                            <span class=\"far fa-calendar mr-1 mt-2\"\/><br \/>\n                            12 de mar\u00e7o de 2026<br \/>\n                            <span class=\"far fa-clock ml-3 mt-2\"\/><br \/>\n                            18:17<br \/>\n                        <\/strong>\n                    <\/p>\n<p class=\"mb-0\">Por: <strong>Ana Paula Pignataro<\/strong><\/p>\n<\/p><\/div>\n<\/p><\/div>\n<div wp_automatic_readability=\"79\">\n<p>\u00a0<\/p>\n<p>A Prefeitura de Sorocaba, por meio da Secretaria do Meio Ambiente, Prote\u00e7\u00e3o e Bem-Estar Animal (Sema), realizar\u00e1, neste s\u00e1bado (14), das 9h \u00e0s 13h, a feirinha de ado\u00e7\u00e3o de c\u00e3es no Parque \u201cCarlos Alberto de Souza\u201d, no Parque Campolim. Todos os animais s\u00e3o vacinados, castrados e microchipados.<\/p>\n<p>A campanha municipal de ado\u00e7\u00e3o respons\u00e1vel do programa \u201cD + uma chance, adote uma vida!\u201d \u00e9 realizada, durante o ano todo, em diferentes pontos da cidade. Todos os animais dispon\u00edveis s\u00e3o vacinados, castrados e microchipados.<\/p>\n<p>Importante ressaltar que adotar um animal de estima\u00e7\u00e3o \u00e9 assumir uma responsabilidade e jamais pode ser uma a\u00e7\u00e3o por impulso, pois os tutores precisam garantir o cuidado necess\u00e1rio a esses animaizinhos por toda a vida. Um c\u00e3o, por exemplo, pode viver mais de 15 anos, ou seja, ele vai precisar da aten\u00e7\u00e3o do seu tutor por muito tempo, como receber carinho, cuidados veterin\u00e1rios, al\u00e9m da necessidade de brincar e passear.<\/p>\n<p>Para quem deseja adotar um pet, o Canil Municipal, localizado na Rua Rosa Maria de Oliveira, 345, ao lado do Instituto Humberto de Campos, no Jardim Zulmira, est\u00e1 com as portas abertas sempre de segunda a sexta-feira, das 9h \u00e0s 16h.<\/p>\n<p>Mais informa\u00e7\u00f5es pelo WhatsApp: (15) 99104-4258 ou pelo telefone: (15) 3202-8006. Os mun\u00edcipes tamb\u00e9m podem conhecer animais dispon\u00edveis para ado\u00e7\u00e3o na rede social da campanha Divulga Pet: @divulgapetsorocaba.<\/p>\n<p>\u00a0<\/p>\n<p><!-- Root element of PhotoSwipe. Must have class pswp. --><\/p><\/div>\n","protected":false},"excerpt":{"rendered":"<p>12 de mar\u00e7o de 2026 18:17 Por: Ana Paula Pignataro \u00a0 A Prefeitura de Sorocaba,&#8230;<\/p>\n","protected":false},"author":2,"featured_media":0,"comment_status":"","ping_status":"","sticky":false,"template":"","format":"standard","meta":{"footnotes":""},"categories":[2],"tags":[],"class_list":["post-39590","post","type-post","status-publish","format-standard","hentry","category-jogos-ao-vivo"],"amp_enabled":true,"_links":{"self":[{"href":"https:\/\/ipatingafc.com.br\/index.php\/wp-json\/wp\/v2\/posts\/39590","targetHints":{"allow":["GET"]}}],"collection":[{"href":"https:\/\/ipatingafc.com.br\/index.php\/wp-json\/wp\/v2\/posts"}],"about":[{"href":"https:\/\/ipatingafc.com.br\/index.php\/wp-json\/wp\/v2\/types\/post"}],"author":[{"embeddable":true,"href":"https:\/\/ipatingafc.com.br\/index.php\/wp-json\/wp\/v2\/users\/2"}],"replies":[{"embeddable":true,"href":"https:\/\/ipatingafc.com.br\/index.php\/wp-json\/wp\/v2\/comments?post=39590"}],"version-history":[{"count":0,"href":"https:\/\/ipatingafc.com.br\/index.php\/wp-json\/wp\/v2\/posts\/39590\/revisions"}],"wp:attachment":[{"href":"https:\/\/ipatingafc.com.br\/index.php\/wp-json\/wp\/v2\/media?parent=39590"}],"wp:term":[{"taxonomy":"category","embeddable":true,"href":"https:\/\/ipatingafc.com.br\/index.php\/wp-json\/wp\/v2\/categories?post=39590"},{"taxonomy":"post_tag","embeddable":true,"href":"https:\/\/ipatingafc.com.br\/index.php\/wp-json\/wp\/v2\/tags?post=39590"}],"curies":[{"name":"wp","href":"https:\/\/api.w.org\/{rel}","templated":true}]}}