{"id":39593,"date":"2026-03-12T22:14:42","date_gmt":"2026-03-13T01:14:42","guid":{"rendered":"https:\/\/ipatingafc.com.br\/index.php\/2026\/03\/12\/cet-rio-implanta-operacao-de-transito-para-obras-de-concessionaria-em-ipanema-prefeitura-da-cidade-do-rio-de-janeiro\/"},"modified":"2026-03-12T22:14:42","modified_gmt":"2026-03-13T01:14:42","slug":"cet-rio-implanta-operacao-de-transito-para-obras-de-concessionaria-em-ipanema-prefeitura-da-cidade-do-rio-de-janeiro","status":"publish","type":"post","link":"https:\/\/ipatingafc.com.br\/index.php\/2026\/03\/12\/cet-rio-implanta-operacao-de-transito-para-obras-de-concessionaria-em-ipanema-prefeitura-da-cidade-do-rio-de-janeiro\/","title":{"rendered":"CET-Rio implanta opera\u00e7\u00e3o de tr\u00e2nsito para obras de concession\u00e1ria em Ipanema &#8211; Prefeitura da Cidade do Rio de Janeiro"},"content":{"rendered":"<p><\/p>\n<div id=\"main\">\n<div class=\"wrapper-breadcrumbs\" wp_automatic_readability=\"27.034490634993\">\n<div class=\"image-post\" wp_automatic_readability=\"33\">\n                     Interven\u00e7\u00e3o come\u00e7a \u00e0s 22h de sexta-feira (13\/03) e segue at\u00e9 a manh\u00e3 de segunda-feira (16\/03). Arte: CET-Rio\n                  <\/div>\n<p>A CET-Rio montar\u00e1 uma opera\u00e7\u00e3o de tr\u00e2nsito para viabilizar obras da concession\u00e1ria \u00c1guas do Rio na Rua Piragibe Frota Aguiar, em Ipanema, Zona Sul da cidade. Para a realiza\u00e7\u00e3o dos servi\u00e7os, a via ser\u00e1 totalmente interditada a partir das 22h da sexta-feira (13\/03). A previs\u00e3o \u00e9 que os trabalhos sejam conclu\u00eddos \u00e0s 5h da manh\u00e3 da pr\u00f3xima segunda-feira (16\/03), quando o tr\u00e2nsito na regi\u00e3o ser\u00e1 normalizado.<\/p>\n<p><strong>Acesso ao Hospital de Ipanema e \u00e0 Rua Saint Roman<\/strong><\/p>\n<p>Para garantir o acesso ao Hospital de Ipanema e \u00e0 Rua Saint Roman, ser\u00e3o implantadas altera\u00e7\u00f5es operacionais no tr\u00e2nsito local.<\/p>\n<p>Haver\u00e1 invers\u00e3o de sentido da Rua Jangadeiros no cruzamento com a Rua Visconde de Piraj\u00e1, passando a funcionar no sentido das ruas Bar\u00e3o da Torre e Ant\u00f4nio Parreiras. Tamb\u00e9m ser\u00e1 implantada m\u00e3o dupla de dire\u00e7\u00e3o na Rua Ant\u00f4nio Parreiras.<\/p>\n<p>Os condutores que seguem em dire\u00e7\u00e3o \u00e0 Rua Visconde de Piraj\u00e1 dever\u00e3o acessar a Rua Bar\u00e3o da Torre e seguir pela Rua Farme de Amoedo.<\/p>\n<p>A opera\u00e7\u00e3o contar\u00e1 com orientadores de tr\u00e2nsito para auxiliar os motoristas e garantir a fluidez vi\u00e1ria. T\u00e9cnicos que atuam no Centro de Opera\u00e7\u00f5es e Resili\u00eancia (COR-Rio) tamb\u00e9m far\u00e3o o monitoramento do tr\u00e2nsito por meio de c\u00e2meras. Se necess\u00e1rio, ser\u00e3o feitos ajustes na programa\u00e7\u00e3o semaf\u00f3rica com o objetivo de garantir boas condi\u00e7\u00f5es vi\u00e1rias.<\/p>\n<p>\u00a0<\/p>\n<p>             <!-- Compartilhe ---><\/p>\n<p>\t\t\t <!-- TAGS --><\/p>\n<section class=\"category-tags\">\n<div class=\"marcacao-category\">\n<article class=\"category-post\">\n<p>Categoria: <\/p>\n<\/article>\n<li>12 de mar\u00e7o de 2026<\/li><\/div>\n<article class=\"tags\">\n\t\t\t\t\tMarca\u00e7\u00f5es: \u00c1guas do Rio Hospital de Ipanema obras Zona Sul<br \/><\/article>\n<\/section>\n<p>            <!-- Mais Not&iacute;cias --><\/p>\n<p>\t\t<!-- Conte&uacute;do SIDEBAR --><\/p><\/div>\n<\/p><\/div>\n","protected":false},"excerpt":{"rendered":"<p>Interven\u00e7\u00e3o come\u00e7a \u00e0s 22h de sexta-feira (13\/03) e segue at\u00e9 a manh\u00e3 de segunda-feira (16\/03)&#8230;.<\/p>\n","protected":false},"author":2,"featured_media":0,"comment_status":"","ping_status":"","sticky":false,"template":"","format":"standard","meta":{"footnotes":""},"categories":[2],"tags":[],"class_list":["post-39593","post","type-post","status-publish","format-standard","hentry","category-jogos-ao-vivo"],"amp_enabled":true,"_links":{"self":[{"href":"https:\/\/ipatingafc.com.br\/index.php\/wp-json\/wp\/v2\/posts\/39593","targetHints":{"allow":["GET"]}}],"collection":[{"href":"https:\/\/ipatingafc.com.br\/index.php\/wp-json\/wp\/v2\/posts"}],"about":[{"href":"https:\/\/ipatingafc.com.br\/index.php\/wp-json\/wp\/v2\/types\/post"}],"author":[{"embeddable":true,"href":"https:\/\/ipatingafc.com.br\/index.php\/wp-json\/wp\/v2\/users\/2"}],"replies":[{"embeddable":true,"href":"https:\/\/ipatingafc.com.br\/index.php\/wp-json\/wp\/v2\/comments?post=39593"}],"version-history":[{"count":0,"href":"https:\/\/ipatingafc.com.br\/index.php\/wp-json\/wp\/v2\/posts\/39593\/revisions"}],"wp:attachment":[{"href":"https:\/\/ipatingafc.com.br\/index.php\/wp-json\/wp\/v2\/media?parent=39593"}],"wp:term":[{"taxonomy":"category","embeddable":true,"href":"https:\/\/ipatingafc.com.br\/index.php\/wp-json\/wp\/v2\/categories?post=39593"},{"taxonomy":"post_tag","embeddable":true,"href":"https:\/\/ipatingafc.com.br\/index.php\/wp-json\/wp\/v2\/tags?post=39593"}],"curies":[{"name":"wp","href":"https:\/\/api.w.org\/{rel}","templated":true}]}}