{"id":39595,"date":"2026-03-12T23:01:36","date_gmt":"2026-03-13T02:01:36","guid":{"rendered":"https:\/\/ipatingafc.com.br\/index.php\/2026\/03\/12\/agencia-minas-gerais-vice-governador-anuncia-investimentos-na-area-da-saude-para-o-triangulo-mineiro\/"},"modified":"2026-03-12T23:01:36","modified_gmt":"2026-03-13T02:01:36","slug":"agencia-minas-gerais-vice-governador-anuncia-investimentos-na-area-da-saude-para-o-triangulo-mineiro","status":"publish","type":"post","link":"https:\/\/ipatingafc.com.br\/index.php\/2026\/03\/12\/agencia-minas-gerais-vice-governador-anuncia-investimentos-na-area-da-saude-para-o-triangulo-mineiro\/","title":{"rendered":"Ag\u00eancia Minas Gerais | Vice-governador anuncia investimentos na \u00e1rea da sa\u00fade para o Tri\u00e2ngulo Mineiro"},"content":{"rendered":"<p><\/p>\n<div>\n<section class=\"news-related \/ col-md-4 col-lg-3 \/ margin-md-bottom-2 margin-left-1 \/ pull-right \/ hidden-xs hidden-sm\">\n<header>\n<p class=\"text-title-section \/ margin-bottom-1\">Relacionadas<\/p>\n<\/header>\n<p>\t\t\t\t\t\t\t<main><\/p>\n<hr class=\"row margin-md-bottom-2\"\/>\n\t\t\t\t\t\t\t<\/main><br \/>\n\t\t\t\t\t\t<\/section>\n<p>O vice-governador Mateus Sim\u00f5es esteve nesta quinta-feira (12\/3) em Uberl\u00e2ndia, no Tri\u00e2ngulo Mineiro, onde anunciou investimentos significativos para a sa\u00fade da regi\u00e3o. Acompanhado pelo secret\u00e1rio de Estado de Governo, Marcelo Aro, o deputado federal Nikolas Ferreira e outras autoridades, Sim\u00f5es detalhou o investimento.<\/p>\n<p>\u201cEstamos aqui para anunciar o repasse de R$ 7,2 milh\u00f5es para o Hospital do C\u00e2ncer de Uberl\u00e2ndia. Isso vai significar condi\u00e7\u00f5es melhores de atendimento dos pacientes por conta de equipamentos e estrutura. N\u00f3s sabemos como o c\u00e2ncer \u00e9 doloroso para a popula\u00e7\u00e3o, ent\u00e3o, \u00e9 um investimento muito importante\u201d, explicou.<\/p>\n<p><strong>Ituiutaba<\/strong><\/p>\n<p>Ituiutaba ser\u00e1 beneficiada com R$ 2 milh\u00f5es para o Hospital S\u00e3o Jos\u00e9, um dos maiores da cidade. &#8220;Ituiutaba est\u00e1 se desenvolvendo e precisa de apoio at\u00e9 para desafogar Uberl\u00e2ndia e poder se tornar mais um polo aqui no Tri\u00e2ngulo Norte&#8221;, explicou o vice-governador.<\/p>\n<p><strong>Iturama<\/strong><\/p>\n<p>J\u00e1 Iturama ganhar\u00e1 um centro de apoio para Transtorno do Espectro Autista (TEA) e Triagem Infantil para Autismo (TriA), com R$ 2 milh\u00f5es de investimento.<\/p>\n<p>\u201cTodo o Governo de Minas est\u00e1 ciente e disposto a contribuir para as pessoas autistas. Estamos direcionando R$ 2 milh\u00f5es para a constru\u00e7\u00e3o do centro de apoio, para que elas possam se sentir acolhidas, fazerem atividades e se desenvolverem melhor para o mundo\u201d, pontuou o vice-governador.<\/p>\n<\/p><\/div>\n","protected":false},"excerpt":{"rendered":"<p>Relacionadas O vice-governador Mateus Sim\u00f5es esteve nesta quinta-feira (12\/3) em Uberl\u00e2ndia, no Tri\u00e2ngulo Mineiro, onde&#8230;<\/p>\n","protected":false},"author":2,"featured_media":0,"comment_status":"","ping_status":"","sticky":false,"template":"","format":"standard","meta":{"footnotes":""},"categories":[2],"tags":[],"class_list":["post-39595","post","type-post","status-publish","format-standard","hentry","category-jogos-ao-vivo"],"amp_enabled":true,"_links":{"self":[{"href":"https:\/\/ipatingafc.com.br\/index.php\/wp-json\/wp\/v2\/posts\/39595","targetHints":{"allow":["GET"]}}],"collection":[{"href":"https:\/\/ipatingafc.com.br\/index.php\/wp-json\/wp\/v2\/posts"}],"about":[{"href":"https:\/\/ipatingafc.com.br\/index.php\/wp-json\/wp\/v2\/types\/post"}],"author":[{"embeddable":true,"href":"https:\/\/ipatingafc.com.br\/index.php\/wp-json\/wp\/v2\/users\/2"}],"replies":[{"embeddable":true,"href":"https:\/\/ipatingafc.com.br\/index.php\/wp-json\/wp\/v2\/comments?post=39595"}],"version-history":[{"count":0,"href":"https:\/\/ipatingafc.com.br\/index.php\/wp-json\/wp\/v2\/posts\/39595\/revisions"}],"wp:attachment":[{"href":"https:\/\/ipatingafc.com.br\/index.php\/wp-json\/wp\/v2\/media?parent=39595"}],"wp:term":[{"taxonomy":"category","embeddable":true,"href":"https:\/\/ipatingafc.com.br\/index.php\/wp-json\/wp\/v2\/categories?post=39595"},{"taxonomy":"post_tag","embeddable":true,"href":"https:\/\/ipatingafc.com.br\/index.php\/wp-json\/wp\/v2\/tags?post=39595"}],"curies":[{"name":"wp","href":"https:\/\/api.w.org\/{rel}","templated":true}]}}