{"id":39663,"date":"2026-03-14T00:12:40","date_gmt":"2026-03-14T03:12:40","guid":{"rendered":"https:\/\/ipatingafc.com.br\/index.php\/2026\/03\/14\/cmn-cria-credito-emergencial-de-r-500-milhoes-para-minas-gerais\/"},"modified":"2026-03-14T00:12:40","modified_gmt":"2026-03-14T03:12:40","slug":"cmn-cria-credito-emergencial-de-r-500-milhoes-para-minas-gerais","status":"publish","type":"post","link":"https:\/\/ipatingafc.com.br\/index.php\/2026\/03\/14\/cmn-cria-credito-emergencial-de-r-500-milhoes-para-minas-gerais\/","title":{"rendered":"CMN cria cr\u00e9dito emergencial de R$ 500 milh\u00f5es para Minas Gerais"},"content":{"rendered":"<p><\/p>\n<div wp_automatic_readability=\"53.077146546159\">\n<p><strong>Pessoas f\u00edsicas e empresas afetadas pelas enchentes em Minas Gerais ter\u00e3o acesso a uma linha emergencial com recursos do pr\u00e9-sal. Em reuni\u00e3o extraordin\u00e1ria nesta sexta-feira (13), o Conselho Monet\u00e1rio Nacional (CMN) regulamentou a opera\u00e7\u00e3o de cr\u00e9dito.<\/strong><\/p>\n<p>A medida autoriza a utiliza\u00e7\u00e3o de at\u00e9 R$ 500 milh\u00f5es do super\u00e1vit financeiro do Fundo Social do Pr\u00e9-Sal, conforme previsto na Medida Provis\u00f3ria n\u00ba 1.337 de 2026. O objetivo \u00e9 apoiar a recupera\u00e7\u00e3o econ\u00f4mica e social das regi\u00f5es atingidas por desastres naturais reconhecidos pelo governo federal.<\/p>\n<h2>Cr\u00e9dito<\/h2>\n<p>Os recursos poder\u00e3o ser usados para:<\/p>\n<p><strong>D\u00f3lar fecha em R$ 5,32, maior valor desde janeiro, com tens\u00e3o no Ir\u00e3<\/strong><\/p>\n<p><strong>Troca de advogado de Vorcaro sinaliza possivel dela\u00e7\u00e3o premiada<\/strong><\/p>\n<ul>\n<li>reconstru\u00e7\u00e3o de instala\u00e7\u00f5es danificadas<\/li>\n<li>aquisi\u00e7\u00e3o de m\u00e1quinas e equipamentos<\/li>\n<li>capital de giro para empresas afetadas<\/li>\n<\/ul>\n<p>Segundo o governo, a iniciativa busca acelerar a retomada da atividade produtiva e recompor a capacidade econ\u00f4mica local nas \u00e1reas atingidas.<\/p>\n<h2>Bancos<\/h2>\n<p>As opera\u00e7\u00f5es ser\u00e3o realizadas por meio do Banco do Brasil e da Caixa Econ\u00f4mica Federal, que atuar\u00e3o como agentes financeiros e assumir\u00e3o integralmente o risco das opera\u00e7\u00f5es.<\/p>\n<p>Os pedidos de financiamento poder\u00e3o ser apresentados \u00e0s institui\u00e7\u00f5es at\u00e9 4 de julho de 2026.<\/p>\n<h2>Taxas<\/h2>\n<p>Os encargos financeiros das opera\u00e7\u00f5es ser\u00e3o compostos por duas partes: a remunera\u00e7\u00e3o das institui\u00e7\u00f5es financeiras e a remunera\u00e7\u00e3o do Fundo Social.<\/p>\n<p><strong>Minist\u00e9rio da Sa\u00fade aumenta em 15% os repasses para hemodi\u00e1lises<\/strong><\/p>\n<p><strong>MPF pede condena\u00e7\u00e3o de Ratinho e SBT por falas contra Erika Hilton\u00a0<\/strong><\/p>\n<ul>\n<li>Spread dos bancos: at\u00e9 4% ao ano<\/li>\n<li>Taxa do Fundo Social (capital de giro): entre 2% e 6% ao ano, dependendo da renda ou porte da empresa<\/li>\n<li>Taxa para reconstru\u00e7\u00e3o e equipamentos: 1% ao ano para todos os benefici\u00e1rios<\/li>\n<\/ul>\n<h2>Limites<\/h2>\n<p>Os valores m\u00e1ximos de financiamento variam conforme o perfil do benefici\u00e1rio:<\/p>\n<ul>\n<li>At\u00e9 R$ 200 mil: pessoas f\u00edsicas com atividades produtivas nos setores agropecu\u00e1rio, florestal, pesca ou aquicultura<\/li>\n<li>At\u00e9 R$ 500 mil: microempresas e empresas de pequeno porte<\/li>\n<li>At\u00e9 R$ 5 milh\u00f5es: empresas com receita bruta de at\u00e9 R$ 300 milh\u00f5es<\/li>\n<li>At\u00e9 R$ 10 milh\u00f5es: capital de giro para grandes empresas<\/li>\n<li>At\u00e9 R$ 50 milh\u00f5es: reconstru\u00e7\u00e3o e compra de m\u00e1quinas para grandes empresas<\/li>\n<\/ul>\n<h2>Prazos<\/h2>\n<ul>\n<li>Os financiamentos ter\u00e3o prazos diferentes conforme a finalidade do cr\u00e9dito:<\/li>\n<li>Capital de giro: at\u00e9 60 meses, com at\u00e9 12 meses de car\u00eancia<\/li>\n<li>Reconstru\u00e7\u00e3o ou equipamentos: at\u00e9 120 meses, tamb\u00e9m com 12 meses de car\u00eancia<\/li>\n<\/ul>\n<p>Segundo o governo, o uso do super\u00e1vit do Fundo Social n\u00e3o gera impacto no resultado prim\u00e1rio das contas p\u00fablicas, j\u00e1 que o risco das opera\u00e7\u00f5es ser\u00e1 assumido pelas institui\u00e7\u00f5es financeiras.<\/p>\n<p>O CMN \u00e9 o principal \u00f3rg\u00e3o respons\u00e1vel pela formula\u00e7\u00e3o da pol\u00edtica monet\u00e1ria e financeira do pa\u00eds. O colegiado \u00e9 presidido pelo ministro da Fazenda, Fernando Haddad, e tamb\u00e9m \u00e9 composto pelo presidente do Banco Central do Brasil, Gabriel Muricca Gal\u00edpolo, e pela ministra do Planejamento e Or\u00e7amento, Simone Tebet.<\/p>\n<\/div>\n","protected":false},"excerpt":{"rendered":"<p>Pessoas f\u00edsicas e empresas afetadas pelas enchentes em Minas Gerais ter\u00e3o acesso a uma linha&#8230;<\/p>\n","protected":false},"author":2,"featured_media":0,"comment_status":"","ping_status":"","sticky":false,"template":"","format":"standard","meta":{"footnotes":""},"categories":[2],"tags":[],"class_list":["post-39663","post","type-post","status-publish","format-standard","hentry","category-jogos-ao-vivo"],"amp_enabled":true,"_links":{"self":[{"href":"https:\/\/ipatingafc.com.br\/index.php\/wp-json\/wp\/v2\/posts\/39663","targetHints":{"allow":["GET"]}}],"collection":[{"href":"https:\/\/ipatingafc.com.br\/index.php\/wp-json\/wp\/v2\/posts"}],"about":[{"href":"https:\/\/ipatingafc.com.br\/index.php\/wp-json\/wp\/v2\/types\/post"}],"author":[{"embeddable":true,"href":"https:\/\/ipatingafc.com.br\/index.php\/wp-json\/wp\/v2\/users\/2"}],"replies":[{"embeddable":true,"href":"https:\/\/ipatingafc.com.br\/index.php\/wp-json\/wp\/v2\/comments?post=39663"}],"version-history":[{"count":0,"href":"https:\/\/ipatingafc.com.br\/index.php\/wp-json\/wp\/v2\/posts\/39663\/revisions"}],"wp:attachment":[{"href":"https:\/\/ipatingafc.com.br\/index.php\/wp-json\/wp\/v2\/media?parent=39663"}],"wp:term":[{"taxonomy":"category","embeddable":true,"href":"https:\/\/ipatingafc.com.br\/index.php\/wp-json\/wp\/v2\/categories?post=39663"},{"taxonomy":"post_tag","embeddable":true,"href":"https:\/\/ipatingafc.com.br\/index.php\/wp-json\/wp\/v2\/tags?post=39663"}],"curies":[{"name":"wp","href":"https:\/\/api.w.org\/{rel}","templated":true}]}}