{"id":39669,"date":"2026-03-14T02:26:41","date_gmt":"2026-03-14T05:26:41","guid":{"rendered":"https:\/\/ipatingafc.com.br\/index.php\/2026\/03\/14\/agencia-minas-gerais-governo-do-estado-anuncia-edital-para-o-novo-concurso-do-corpo-de-bombeiros-militar-de-minas-gerais\/"},"modified":"2026-03-14T02:26:41","modified_gmt":"2026-03-14T05:26:41","slug":"agencia-minas-gerais-governo-do-estado-anuncia-edital-para-o-novo-concurso-do-corpo-de-bombeiros-militar-de-minas-gerais","status":"publish","type":"post","link":"https:\/\/ipatingafc.com.br\/index.php\/2026\/03\/14\/agencia-minas-gerais-governo-do-estado-anuncia-edital-para-o-novo-concurso-do-corpo-de-bombeiros-militar-de-minas-gerais\/","title":{"rendered":"Ag\u00eancia Minas Gerais | Governo do Estado anuncia edital para o novo concurso do Corpo de Bombeiros Militar de Minas Gerais"},"content":{"rendered":"<p><\/p>\n<div>\n<section class=\"news-related \/ col-md-4 col-lg-3 \/ margin-md-bottom-2 margin-left-1 \/ pull-right \/ hidden-xs hidden-sm\">\n<header>\n<p class=\"text-title-section \/ margin-bottom-1\">Relacionadas<\/p>\n<\/header>\n<p>\t\t\t\t\t\t\t<main><\/p>\n<hr class=\"row margin-md-bottom-2\"\/>\n\t\t\t\t\t\t\t<\/main><br \/>\n\t\t\t\t\t\t<\/section>\n<p>O Governo de Minas\u00a0anunciou, nesta sexta-feira (13\/3), o lan\u00e7amento do edital do\u00a0novo concurso para o Corpo de Bombeiros Militar de Minas Gerais (CBMMG),\u00a0na segunda-feira (16\/3). Ao todo, ser\u00e3o 342 vagas, distribu\u00eddas da seguinte forma: 321 para o Curso de Forma\u00e7\u00e3o de Soldados (CFSd) e 21 para o Curso de Forma\u00e7\u00e3o de Oficiais (CFO). As inscri\u00e7\u00f5es ocorrem entre maio e junho, com datas espec\u00edficas detalhadas no edital.<\/p>\n<figure class=\"image\" style=\"float:left\">&#13;<figcaption><em><sup>Dirceu Aur\u00e9lio \/ Imprensa MG<\/sup><\/em><\/figcaption>&#13;<br \/>\n<\/figure>\n<p>\u201cN\u00f3s apoiamos incansavelmente o Corpo de Bombeiros Militar de Minas Gerais.\u00a0Esse \u00e9 um grande concurso e o nosso prop\u00f3sito \u00e9 manter a corpora\u00e7\u00e3o com o maior n\u00famero\u00a0de militares poss\u00edvel. Por isso, desde 2021 n\u00f3s fazemos concursos anuais aqui em Minas\u201d, disse o vice-governador.<\/p>\n<p>A novidade foi apresentada pelo vice-governador Mateus Sim\u00f5es\u00a0na formatura de 279 militares da turma Miguel Arcanjo, do Curso de Forma\u00e7\u00e3o de Soldados 2025\/2026, da qual ele foi\u00a0paraninfo.\u00a0<\/p>\n<p>\u201cEste \u00e9 um dos aspectos que mais me deixa orgulhoso: vencemos a limita\u00e7\u00e3o dos 10% da\u00a0presen\u00e7a de mulheres. Esta turma tem 27%, e tenho certeza que ir\u00e1 crescer ainda mais. A presen\u00e7a das mulheres \u00e9 muito importante no meio militar, pois a popula\u00e7\u00e3o se sente ainda mais segura\u201d, destacouo vice-governador.<\/p>\n<p>Para a comandante-geral do Corpo de Bombeiros Militar de Minas Gerais, coronel Jordana Daldegan,\u00a0esse avan\u00e7o \u00e9 muito significativo para o futuro do estado.<\/p>\n<p>\u201cIsso s\u00f3 fortalece a equidade ao servi\u00e7o p\u00fablico e reafirma que talento, dedica\u00e7\u00e3o e coragem n\u00e3o t\u00eam g\u00eanero. Al\u00e9m disso, lugar de mulher, obviamente, \u00e9 onde ela quiser\u201d, enfatizou.<\/p>\n<p><strong>Refor\u00e7o no efetivo<\/strong><\/p>\n<p>Entre os formandos do Curso de Forma\u00e7\u00e3o de Soldados do CBMMG est\u00e3o pra\u00e7as operacionais e especialistas. Durante o curso, eles precisaram dominar 28 mat\u00e9rias t\u00edpicas da atividade bombeiro militar, como Atendimento Pr\u00e9-Hospitalar, Combate a Inc\u00eandio Urbano, Salvamento em Altura, Salvamento Terrestre, Salvamento Aqu\u00e1tico, Mergulho Aut\u00f4nomo, Preven\u00e7\u00e3o e Combate a Inc\u00eandio Florestal e Produtos Perigosos, totalizando mais de 990 horas\/aula.<\/p>\n<p>Esses militares j\u00e1 atuaram em ocorr\u00eancias operacionais de destaque, como as enchentes na Zona da Mata e o desabamento de um im\u00f3vel no bairro Jardim Vit\u00f3ria, em Belo Horizonte. Mesmo antes do t\u00e9rmino do curso, os militares j\u00e1 estavam em condi\u00e7\u00f5es para apoiar o trabalho de buscas e ajuda humanit\u00e1ria \u00e0s fam\u00edlias atingidas.<\/p>\n<p>Com a conclus\u00e3o do treinamento, os novos bombeiros ser\u00e3o distribu\u00eddos para 49 cidades, refor\u00e7ando o atendimento operacional em todas as regi\u00f5es do estado.<\/p>\n<p>A escolha do nome Miguel Arcanjo para a turma faz refer\u00eancia ao helic\u00f3ptero Arcanjo 04, como um ato de reconhecimento e respeito \u00e0 mem\u00f3ria dos seis tripulantes que perderam a vida servindo \u00e0 sociedade. O helic\u00f3ptero caiu, em outubro de 2024, durante uma miss\u00e3o de salvamento \u00e0 queda de um monomotor no distrito de S\u00e3o Bartolomeu, em Ouro Preto, na regi\u00e3o Central do estado.<\/p>\n<p><strong>Investimentos<\/strong><\/p>\n<p>Entre 2019 e 2025, o Governo de Minas investiu R$ 139 milh\u00f5es na corpora\u00e7\u00e3o. Somente no ano passado, foram R$ 40 milh\u00f5es para a frota, R$ 15,7 milh\u00f5es para aquisi\u00e7\u00e3o de equipamentos e materiais, R$ 10 milh\u00f5es em tecnologia da informa\u00e7\u00e3o e R$ 6,6 milh\u00f5es para investimentos em engenharia do Corpo de Bombeiros.<\/p>\n<\/p><\/div>\n","protected":false},"excerpt":{"rendered":"<p>Relacionadas O Governo de Minas\u00a0anunciou, nesta sexta-feira (13\/3), o lan\u00e7amento do edital do\u00a0novo concurso para&#8230;<\/p>\n","protected":false},"author":2,"featured_media":0,"comment_status":"","ping_status":"","sticky":false,"template":"","format":"standard","meta":{"footnotes":""},"categories":[2],"tags":[],"class_list":["post-39669","post","type-post","status-publish","format-standard","hentry","category-jogos-ao-vivo"],"amp_enabled":true,"_links":{"self":[{"href":"https:\/\/ipatingafc.com.br\/index.php\/wp-json\/wp\/v2\/posts\/39669","targetHints":{"allow":["GET"]}}],"collection":[{"href":"https:\/\/ipatingafc.com.br\/index.php\/wp-json\/wp\/v2\/posts"}],"about":[{"href":"https:\/\/ipatingafc.com.br\/index.php\/wp-json\/wp\/v2\/types\/post"}],"author":[{"embeddable":true,"href":"https:\/\/ipatingafc.com.br\/index.php\/wp-json\/wp\/v2\/users\/2"}],"replies":[{"embeddable":true,"href":"https:\/\/ipatingafc.com.br\/index.php\/wp-json\/wp\/v2\/comments?post=39669"}],"version-history":[{"count":0,"href":"https:\/\/ipatingafc.com.br\/index.php\/wp-json\/wp\/v2\/posts\/39669\/revisions"}],"wp:attachment":[{"href":"https:\/\/ipatingafc.com.br\/index.php\/wp-json\/wp\/v2\/media?parent=39669"}],"wp:term":[{"taxonomy":"category","embeddable":true,"href":"https:\/\/ipatingafc.com.br\/index.php\/wp-json\/wp\/v2\/categories?post=39669"},{"taxonomy":"post_tag","embeddable":true,"href":"https:\/\/ipatingafc.com.br\/index.php\/wp-json\/wp\/v2\/tags?post=39669"}],"curies":[{"name":"wp","href":"https:\/\/api.w.org\/{rel}","templated":true}]}}