{"id":39672,"date":"2026-03-14T03:37:47","date_gmt":"2026-03-14T06:37:47","guid":{"rendered":"https:\/\/ipatingafc.com.br\/index.php\/2026\/03\/14\/moraes-manda-prender-kids-pretos-condenados-pela-trama-golpista\/"},"modified":"2026-03-14T03:37:47","modified_gmt":"2026-03-14T06:37:47","slug":"moraes-manda-prender-kids-pretos-condenados-pela-trama-golpista","status":"publish","type":"post","link":"https:\/\/ipatingafc.com.br\/index.php\/2026\/03\/14\/moraes-manda-prender-kids-pretos-condenados-pela-trama-golpista\/","title":{"rendered":"Moraes manda prender kids pretos condenados pela trama golpista"},"content":{"rendered":"<p><\/p>\n<div wp_automatic_readability=\"36.650336803429\">\n<p><strong>O ministro Alexandre de Moraes, do Supremo Tribunal Federal (STF), determinou a pris\u00e3o definitiva de seis\u00a0<em>kids<\/em> pretos e\u00a0um agente da Pol\u00edcia Federal\u00a0que foram condenados pela trama golpista ocorrida durante o governo de Jair Bolsonaro.<\/strong><\/p>\n<p>Eles\u00a0fazem parte do N\u00facleo 3 da acusa\u00e7\u00e3o de golpe de Estado e foram denunciados por\u00a0<strong>planejar a\u00e7\u00f5es t\u00e1ticas para sequestrar e matar Moraes, o vice-presidente\u00a0Geraldo Alckmin, e o presidente Luiz In\u00e1cio Lula da Silva, em 2022.<\/strong><\/p>\n<p>As pris\u00f5es foram determinadas ap\u00f3s o fim do processo e da possibilidade de apresenta\u00e7\u00e3o de recursos.<\/p>\n<p><strong>Economia pode crescer 1% no primeiro trimestre, diz Haddad<\/strong><\/p>\n<p><strong>Rio: etn\u00f3logo da cultura afro-brasileira, Edison Carneiro ganha mural<\/strong><\/p>\n<p>&gt;&gt; Siga o canal da <strong>Ag\u00eancia Brasil<\/strong> no WhatsApp<\/p>\n<p>No m\u00eas passado, a Primeira Turma do Supremo negou os \u00faltimos recursos apresentados pelos r\u00e9us.<strong> Nesta semana, o ac\u00f3rd\u00e3o do julgamento foi publicado, e o ministro determinou a execu\u00e7\u00e3o das penas.<\/strong><\/p>\n<p><strong>Confira as penas dos r\u00e9us:<\/strong><\/p>\n<ol>\n<li>H\u00e9lio Ferreira Lima \u2013 tenente-coronel: 24 anos de pris\u00e3o;<\/li>\n<li>Rafael Martins de Oliveira \u2013 tenente-coronel: 21 anos de pris\u00e3o;<\/li>\n<li>Rodrigo Bezerra de Azevedo \u2013 tenente-coronel: 21 anos de pris\u00e3o;<\/li>\n<li>Wladimir Matos Soares \u2013 policial federal: 21 anos de pris\u00e3o;<\/li>\n<li>S\u00e9rgio Ricardo Cavaliere de Medeiros \u2013 tenente-coronel: 17 anos de pris\u00e3o;<\/li>\n<li>Bernardo Rom\u00e3o Correa Netto \u2013 coronel: 17 anos de pris\u00e3o;<\/li>\n<li>Fabr\u00edcio Moreira de Bastos \u2013 coronel: 16 anos de pris\u00e3o.<br \/>\u00a0<\/li>\n<\/ol>\n<p><strong>CMN cria cr\u00e9dito emergencial de R$ 500 milh\u00f5es para Minas Gerais<\/strong><\/p>\n<p><strong>D\u00f3lar fecha em R$ 5,32, maior valor desde janeiro, com tens\u00e3o no Ir\u00e3<\/strong><\/p>\n<\/div>\n","protected":false},"excerpt":{"rendered":"<p>O ministro Alexandre de Moraes, do Supremo Tribunal Federal (STF), determinou a pris\u00e3o definitiva de&#8230;<\/p>\n","protected":false},"author":2,"featured_media":0,"comment_status":"","ping_status":"","sticky":false,"template":"","format":"standard","meta":{"footnotes":""},"categories":[2],"tags":[],"class_list":["post-39672","post","type-post","status-publish","format-standard","hentry","category-jogos-ao-vivo"],"amp_enabled":true,"_links":{"self":[{"href":"https:\/\/ipatingafc.com.br\/index.php\/wp-json\/wp\/v2\/posts\/39672","targetHints":{"allow":["GET"]}}],"collection":[{"href":"https:\/\/ipatingafc.com.br\/index.php\/wp-json\/wp\/v2\/posts"}],"about":[{"href":"https:\/\/ipatingafc.com.br\/index.php\/wp-json\/wp\/v2\/types\/post"}],"author":[{"embeddable":true,"href":"https:\/\/ipatingafc.com.br\/index.php\/wp-json\/wp\/v2\/users\/2"}],"replies":[{"embeddable":true,"href":"https:\/\/ipatingafc.com.br\/index.php\/wp-json\/wp\/v2\/comments?post=39672"}],"version-history":[{"count":0,"href":"https:\/\/ipatingafc.com.br\/index.php\/wp-json\/wp\/v2\/posts\/39672\/revisions"}],"wp:attachment":[{"href":"https:\/\/ipatingafc.com.br\/index.php\/wp-json\/wp\/v2\/media?parent=39672"}],"wp:term":[{"taxonomy":"category","embeddable":true,"href":"https:\/\/ipatingafc.com.br\/index.php\/wp-json\/wp\/v2\/categories?post=39672"},{"taxonomy":"post_tag","embeddable":true,"href":"https:\/\/ipatingafc.com.br\/index.php\/wp-json\/wp\/v2\/tags?post=39672"}],"curies":[{"name":"wp","href":"https:\/\/api.w.org\/{rel}","templated":true}]}}