{"id":39674,"date":"2026-03-14T04:18:47","date_gmt":"2026-03-14T07:18:47","guid":{"rendered":"https:\/\/ipatingafc.com.br\/index.php\/2026\/03\/14\/erika-hilton-pede-suspensao-do-programa-do-ratinho-apos-polemica-com-apresentador-do-sbt\/"},"modified":"2026-03-14T04:18:47","modified_gmt":"2026-03-14T07:18:47","slug":"erika-hilton-pede-suspensao-do-programa-do-ratinho-apos-polemica-com-apresentador-do-sbt","status":"publish","type":"post","link":"https:\/\/ipatingafc.com.br\/index.php\/2026\/03\/14\/erika-hilton-pede-suspensao-do-programa-do-ratinho-apos-polemica-com-apresentador-do-sbt\/","title":{"rendered":"Erika Hilton pede suspens\u00e3o do Programa do Ratinho ap\u00f3s pol\u00eamica com apresentador do SBT"},"content":{"rendered":"<p><\/p>\n<div wp_automatic_readability=\"98.921537045559\">\n<p>Erika Hilton pede suspens\u00e3o do Programa do Ratinho ap\u00f3s pol\u00eamica com apresentador do SBT<\/p>\n<p>A deputada federal Erika Hilton (PSOL-SP) solicitou ao Minist\u00e9rio das Comunica\u00e7\u00f5es a suspens\u00e3o tempor\u00e1ria do programa apresentado por Carlos Massa, exibido pelo Sistema Brasileiro de Televis\u00e3o (SBT). O pedido foi feito ap\u00f3s declara\u00e7\u00f5es do apresentador durante uma edi\u00e7\u00e3o recente do Programa do Ratinho, exibida no dia 11 de mar\u00e7o, que geraram forte repercuss\u00e3o nas redes sociais e no meio pol\u00edtico.<\/p>\n<p>Segundo a parlamentar, as falas de Ratinho teriam sido transf\u00f3bicas ao questionar publicamente sua identidade de g\u00eanero durante a transmiss\u00e3o ao vivo. No documento enviado ao governo federal, Erika Hilton afirma que o apresentador utilizou uma concess\u00e3o p\u00fablica de televis\u00e3o para fazer declara\u00e7\u00f5es consideradas discriminat\u00f3rias contra a comunidade LGBTQIA+.<\/p>\n<h2>Deputada pede suspens\u00e3o do programa por 30 dias<\/h2>\n<p>De acordo com informa\u00e7\u00f5es divulgadas pela imprensa, o pedido encaminhado ao Minist\u00e9rio das Comunica\u00e7\u00f5es solicita a suspens\u00e3o do programa por um per\u00edodo de 30 dias. A justificativa apresentada pela deputada aponta que as declara\u00e7\u00f5es exibidas na televis\u00e3o teriam ferido princ\u00edpios de respeito e dignidade.<\/p>\n<p><strong>Economia pode crescer 1% no primeiro trimestre, diz Haddad<\/strong><\/p>\n<p><strong>Rio: etn\u00f3logo da cultura afro-brasileira, Edison Carneiro ganha mural<\/strong><\/p>\n<p>No of\u00edcio, Erika Hilton tamb\u00e9m citou precedentes envolvendo programas de TV que sofreram puni\u00e7\u00f5es ap\u00f3s conte\u00fados considerados inadequados. Um dos exemplos mencionados foi o caso do Domingo Legal, tamb\u00e9m exibido pelo SBT, que foi suspenso em 2003 ap\u00f3s a exibi\u00e7\u00e3o de uma entrevista falsa envolvendo supostos integrantes do PCC.<\/p>\n<p>A parlamentar argumenta que situa\u00e7\u00f5es envolvendo concess\u00f5es p\u00fablicas de comunica\u00e7\u00e3o precisam ser avaliadas com rigor quando h\u00e1 suspeita de conte\u00fados discriminat\u00f3rios ou ofensivos.<\/p>\n<h2>Declara\u00e7\u00e3o gerou repercuss\u00e3o pol\u00edtica e jur\u00eddica<\/h2>\n<p>A pol\u00eamica come\u00e7ou ap\u00f3s Ratinho comentar, durante seu programa, sobre a elei\u00e7\u00e3o de Erika Hilton para a presid\u00eancia da Comiss\u00e3o de Defesa dos Direitos da Mulher da C\u00e2mara dos Deputados. Durante a transmiss\u00e3o, o apresentador afirmou que a deputada n\u00e3o seria mulher, mas sim uma mulher trans, o que gerou cr\u00edticas e acusa\u00e7\u00f5es de transfobia.<\/p>\n<p>Ap\u00f3s a repercuss\u00e3o, a deputada decidiu acionar o Minist\u00e9rio P\u00fablico Federal para investigar tanto o apresentador quanto a emissora pelas declara\u00e7\u00f5es exibidas.<\/p>\n<p><strong>CMN cria cr\u00e9dito emergencial de R$ 500 milh\u00f5es para Minas Gerais<\/strong><\/p>\n<p><strong>D\u00f3lar fecha em R$ 5,32, maior valor desde janeiro, com tens\u00e3o no Ir\u00e3<\/strong><\/p>\n<h2>A\u00e7\u00e3o pede indeniza\u00e7\u00e3o de R$ 10 milh\u00f5es<\/h2>\n<p>Al\u00e9m do pedido de suspens\u00e3o do programa, a a\u00e7\u00e3o apresentada pela parlamentar inclui uma solicita\u00e7\u00e3o de indeniza\u00e7\u00e3o por danos morais coletivos no valor de R$ 10 milh\u00f5es.<\/p>\n<p>Caso a Justi\u00e7a aceite o pedido, o valor dever\u00e1 ser destinado ao Fundo de Defesa dos Direitos Difusos. A proposta \u00e9 que os recursos sejam utilizados para financiar projetos e iniciativas voltadas \u00e0 prote\u00e7\u00e3o de mulheres v\u00edtimas de viol\u00eancia de g\u00eanero e ao fortalecimento de pol\u00edticas p\u00fablicas relacionadas aos direitos humanos.<\/p>\n<h2>Caso pode ter novos desdobramentos<\/h2>\n<p>O epis\u00f3dio segue repercutindo no meio pol\u00edtico e jur\u00eddico, e ainda n\u00e3o h\u00e1 decis\u00e3o oficial sobre o pedido de suspens\u00e3o do programa. Especialistas apontam que o caso pode abrir discuss\u00f5es sobre os limites da liberdade de express\u00e3o em emissoras que operam por meio de concess\u00f5es p\u00fablicas.<\/p>\n<p>Enquanto isso, o Programa do Ratinho continua sendo exibido normalmente na grade do Sistema Brasileiro de Televis\u00e3o, enquanto autoridades analisam as solicita\u00e7\u00f5es apresentadas pela deputada.<\/p>\n<p><strong>Tags:<\/strong> Ratinho, Erika Hilton, SBT, televis\u00e3o, pol\u00eamica na TV, pol\u00edtica, Brasil, programa do Ratinho.<\/p>\n<p><!-- CONTENT END 2 --><\/p><\/div>\n","protected":false},"excerpt":{"rendered":"<p>Erika Hilton pede suspens\u00e3o do Programa do Ratinho ap\u00f3s pol\u00eamica com apresentador do SBT A&#8230;<\/p>\n","protected":false},"author":2,"featured_media":0,"comment_status":"","ping_status":"","sticky":false,"template":"","format":"standard","meta":{"footnotes":""},"categories":[2],"tags":[],"class_list":["post-39674","post","type-post","status-publish","format-standard","hentry","category-jogos-ao-vivo"],"amp_enabled":true,"_links":{"self":[{"href":"https:\/\/ipatingafc.com.br\/index.php\/wp-json\/wp\/v2\/posts\/39674","targetHints":{"allow":["GET"]}}],"collection":[{"href":"https:\/\/ipatingafc.com.br\/index.php\/wp-json\/wp\/v2\/posts"}],"about":[{"href":"https:\/\/ipatingafc.com.br\/index.php\/wp-json\/wp\/v2\/types\/post"}],"author":[{"embeddable":true,"href":"https:\/\/ipatingafc.com.br\/index.php\/wp-json\/wp\/v2\/users\/2"}],"replies":[{"embeddable":true,"href":"https:\/\/ipatingafc.com.br\/index.php\/wp-json\/wp\/v2\/comments?post=39674"}],"version-history":[{"count":0,"href":"https:\/\/ipatingafc.com.br\/index.php\/wp-json\/wp\/v2\/posts\/39674\/revisions"}],"wp:attachment":[{"href":"https:\/\/ipatingafc.com.br\/index.php\/wp-json\/wp\/v2\/media?parent=39674"}],"wp:term":[{"taxonomy":"category","embeddable":true,"href":"https:\/\/ipatingafc.com.br\/index.php\/wp-json\/wp\/v2\/categories?post=39674"},{"taxonomy":"post_tag","embeddable":true,"href":"https:\/\/ipatingafc.com.br\/index.php\/wp-json\/wp\/v2\/tags?post=39674"}],"curies":[{"name":"wp","href":"https:\/\/api.w.org\/{rel}","templated":true}]}}