{"id":39676,"date":"2026-03-14T04:59:41","date_gmt":"2026-03-14T07:59:41","guid":{"rendered":"https:\/\/ipatingafc.com.br\/index.php\/2026\/03\/14\/820-familias-recebem-titulos-de-regularizacao-fundiaria-no-nova-itamarati-agencia-de-noticias-do-governo-de-mato-grosso-do-sul\/"},"modified":"2026-03-14T04:59:41","modified_gmt":"2026-03-14T07:59:41","slug":"820-familias-recebem-titulos-de-regularizacao-fundiaria-no-nova-itamarati-agencia-de-noticias-do-governo-de-mato-grosso-do-sul","status":"publish","type":"post","link":"https:\/\/ipatingafc.com.br\/index.php\/2026\/03\/14\/820-familias-recebem-titulos-de-regularizacao-fundiaria-no-nova-itamarati-agencia-de-noticias-do-governo-de-mato-grosso-do-sul\/","title":{"rendered":"820 fam\u00edlias recebem t\u00edtulos de regulariza\u00e7\u00e3o fundi\u00e1ria no Nova Itamarati \u2013 Ag\u00eancia de Noticias do Governo de Mato Grosso do Sul"},"content":{"rendered":"<p><\/p>\n<div wp_automatic_readability=\"71.354846748069\">\n<p>Para levar dignidade e seguran\u00e7a jur\u00eddica aos moradores do distrito de Nova Itamarati, em Ponta Por\u00e3, o governador Eduardo Riedel entregou 820 t\u00edtulos de regulariza\u00e7\u00e3o fundi\u00e1ria para a popula\u00e7\u00e3o local em um momento marcado pela emo\u00e7\u00e3o e por al\u00edvio para as fam\u00edlias que sonhavam com este direito.<\/p>\n<p>A iniciativa foi uma parceria entre Governo de Mato Grosso do Sul e prefeitura de Ponta Por\u00e3, sendo a entrega desta sexta-feira (13) a primeira etapa da regulariza\u00e7\u00e3o fundi\u00e1ria de lotes do distrito, consolidando o direito \u00e0 propriedade firmado em conv\u00eanio para regularizar 1,5 mil unidades habitacionais no assentamento.<\/p>\n<p>\u201cMoro aqui na regi\u00e3o desde 2017. Este t\u00edtulo \u00e9 outro n\u00edvel, voc\u00ea pode investir no seu neg\u00f3cio e conseguir at\u00e9 financiamento, com a posse do t\u00edtulo\u201d, contou Uelson Trude Dalto, um dos contemplados. Ele mencionou tamb\u00e9m que tem uma funilaria no assentamento e agora pretende expandir o neg\u00f3cio. \u201c\u00c9 muito bom morar em um lugar que \u00e9 nosso por direito\u201d.<\/p>\n<p><strong>AVISO DE LICITA\u00c7\u00c3O PREG\u00c3O ELETR\u00d4NICO N\u00ba. 08\/2026 \u2013 CONTRATA\u00c7\u00c3O DE EMPRESA ESPECIALIZADA NA PRESTA\u00c7\u00c3O DE SERVI\u00c7OS DE TRANSPORTE ESCOLAR PARA ATENDIMENTO DA LINHA CERRO AZUL NO MUNIC\u00cdPIO DE BONITO\/MS. \u2013 Prefeitura Municipal de Bonito<\/strong><\/p>\n<p><strong>L\u00edderes comunit\u00e1rias s\u00e3o homenageadas em alus\u00e3o ao dia da mulher\u00a0 \u2013 CGNot\u00edcias<\/strong><\/p>\n<p>O sentimento exposto por Uelson \u00e9 o mesmo que Marines Martins da Silva faz quest\u00e3o de n\u00e3o esconder. \u201cMoro aqui desde a \u00e9poca dos barracos na beira da rodovia. Depois conseguimos o lote gra\u00e7as \u00e0 Deus. Estou muito feliz com o t\u00edtulo, pois h\u00e1 quatro anos constru\u00ed minha casa na vila e n\u00e3o pretendo sair daqui. Parab\u00e9ns a todos que contribu\u00edram para isto\u201d, comemora a moradora ao tamb\u00e9m receber a escritura de seu lote no evento desta sexta-feira.<\/p>\n<p>Durante o discurso oficial, o governador Eduardo Riedel lembrou da hist\u00f3ria e a evolu\u00e7\u00e3o do distrito de Itamarati, at\u00e9 chegar nesta primeira etapa de regulariza\u00e7\u00e3o das propriedades\u201d. Agora a casa \u00e9 de voc\u00eas por direito, para fazerem o que bem entenderem, como acesso ao cr\u00e9dito. Documento na m\u00e3o, escritura feita e registrada em cart\u00f3rio. A vida pensada com tranquilidade por meio de um documento importante\u201d, destacou o chefe do Executivo sul-mato-grossense.<\/p>\n<p>Riedel ainda agradeceu \u00e0 prefeitura de Ponta Por\u00e3 pela parceria, considerada por ele um sucesso. \u201cNingu\u00e9m faz nada sozinho. Estas conquistas s\u00e3o fruto da parceria com os munic\u00edpios e bancada parlamentar. Assim constru\u00edmos solu\u00e7\u00f5es para as pessoas\u201d, concluiu.<\/p>\n<p>\u201cFizemos este compromisso e conseguimos cumprir. Esta regulariza\u00e7\u00e3o fundi\u00e1ria no Itamarati era um sonho que se tornou realidade. Conquista importante aos moradores. Podem dizer \u2018a casa \u00e9 minha e ningu\u00e9m vai tirar&#8217;\u201d, respondeu logo em seguida o prefeito de Ponta Por\u00e3, Eduardo Campos.<\/p>\n<p><strong>Com exemplo de planejamento para gest\u00e3o p\u00fablica e desenvolvimento, MS sedia f\u00f3rum nacional<\/strong><\/p>\n<p><strong>AVISO DE DISPENSA N\u00ba. 10\/2026 \u2013 CONTRATA\u00c7\u00c3O DE EMPRESA PESSOA JUR\u00cdDICA, POR MEIO DE PROFISSIONAL HABILITADO NA \u00c1REA DE AGRONOMIA, PARA A REALIZA\u00c7\u00c3O DE ESTUDOS T\u00c9CNICOS E EMISS\u00c3O DE LAUDO AGRON\u00d4MICO DE DETERMINA\u00c7\u00c3O DO VALOR DA TERRA NUA (VTN) REFERENTE AO EXERC\u00cdCIO DE 2026, EM CONFORMIDADE COM AS AL\u00cdNEAS I, II, III, IV, V E VII DO ART. 3\u00ba DA INSTRU\u00c7\u00c3O NORMATIVA RFB N\u00ba 1.877\/2019, PARA O MUNIC\u00cdPIO DE BONITO \u2013 MS \u2013 Prefeitura Municipal de Bonito<\/strong><\/p>\n<p>O trabalho de regulariza\u00e7\u00e3o vai al\u00e9m da seguran\u00e7a jur\u00eddica. Ao promover a titula\u00e7\u00e3o definitiva dos im\u00f3veis em parceria com a prefeitura ponta-poranense, o Governo de Mato Grosso do Sul assegura \u00e0s fam\u00edlias o direito legal sobre suas propriedades, situa\u00e7\u00e3o que tamb\u00e9m abre o acesso das mesmas a linhas de cr\u00e9dito espec\u00edficas para im\u00f3veis rurais. Al\u00e9m disso, a titula\u00e7\u00e3o valoriza financeiramento os lotes titulados, tornando-os um ativo para a melhoria da qualidade de vida.<\/p>\n<p><em>Leonardo Rocha, Comunica\u00e7\u00e3o Governo de MS<\/em><br \/><em>Fotos: \u00c1lvaro Rezende\/Secom<\/em><\/p>\n<\/div>\n","protected":false},"excerpt":{"rendered":"<p>Para levar dignidade e seguran\u00e7a jur\u00eddica aos moradores do distrito de Nova Itamarati, em Ponta&#8230;<\/p>\n","protected":false},"author":2,"featured_media":0,"comment_status":"","ping_status":"","sticky":false,"template":"","format":"standard","meta":{"footnotes":""},"categories":[2],"tags":[],"class_list":["post-39676","post","type-post","status-publish","format-standard","hentry","category-jogos-ao-vivo"],"amp_enabled":true,"_links":{"self":[{"href":"https:\/\/ipatingafc.com.br\/index.php\/wp-json\/wp\/v2\/posts\/39676","targetHints":{"allow":["GET"]}}],"collection":[{"href":"https:\/\/ipatingafc.com.br\/index.php\/wp-json\/wp\/v2\/posts"}],"about":[{"href":"https:\/\/ipatingafc.com.br\/index.php\/wp-json\/wp\/v2\/types\/post"}],"author":[{"embeddable":true,"href":"https:\/\/ipatingafc.com.br\/index.php\/wp-json\/wp\/v2\/users\/2"}],"replies":[{"embeddable":true,"href":"https:\/\/ipatingafc.com.br\/index.php\/wp-json\/wp\/v2\/comments?post=39676"}],"version-history":[{"count":0,"href":"https:\/\/ipatingafc.com.br\/index.php\/wp-json\/wp\/v2\/posts\/39676\/revisions"}],"wp:attachment":[{"href":"https:\/\/ipatingafc.com.br\/index.php\/wp-json\/wp\/v2\/media?parent=39676"}],"wp:term":[{"taxonomy":"category","embeddable":true,"href":"https:\/\/ipatingafc.com.br\/index.php\/wp-json\/wp\/v2\/categories?post=39676"},{"taxonomy":"post_tag","embeddable":true,"href":"https:\/\/ipatingafc.com.br\/index.php\/wp-json\/wp\/v2\/tags?post=39676"}],"curies":[{"name":"wp","href":"https:\/\/api.w.org\/{rel}","templated":true}]}}