{"id":39722,"date":"2026-03-14T22:50:38","date_gmt":"2026-03-15T01:50:38","guid":{"rendered":"https:\/\/ipatingafc.com.br\/index.php\/2026\/03\/14\/agencia-minas-gerais-nota-a-imprensa-18\/"},"modified":"2026-03-14T22:50:38","modified_gmt":"2026-03-15T01:50:38","slug":"agencia-minas-gerais-nota-a-imprensa-18","status":"publish","type":"post","link":"https:\/\/ipatingafc.com.br\/index.php\/2026\/03\/14\/agencia-minas-gerais-nota-a-imprensa-18\/","title":{"rendered":"Ag\u00eancia Minas Gerais | Nota \u00e0 imprensa"},"content":{"rendered":"<p><\/p>\n<div>\n<p>O governador Romeu Zema agradece o trabalho realizado por Bernardo Santos \u00e0 frente da Secretaria de Estado de Comunica\u00e7\u00e3o Social (Secom-MG). A exonera\u00e7\u00e3o foi publicada nesta data, a pedido.<\/p>\n<p>Desde que ingressou no Governo de Minas, em 2023, Bernardo contribuiu para o fortalecimento da comunica\u00e7\u00e3o institucional, ampliando a transpar\u00eancia das a\u00e7\u00f5es governamentais e aproximando ainda mais o Estado da popula\u00e7\u00e3o mineira.<\/p>\n<p>Durante sua gest\u00e3o, tamb\u00e9m colaborou para a proje\u00e7\u00e3o de Minas Gerais no cen\u00e1rio nacional, apoiando estrat\u00e9gias de divulga\u00e7\u00e3o voltadas \u00e0 atra\u00e7\u00e3o de investimentos, ao desenvolvimento econ\u00f4mico e \u00e0 promo\u00e7\u00e3o do turismo.<\/p>\n<p>\u201cBernardo teve papel importante na consolida\u00e7\u00e3o de uma comunica\u00e7\u00e3o cada vez mais clara, objetiva e conectada com os mineiros. Agrade\u00e7o pela dedica\u00e7\u00e3o e desejo sucesso em seus novos desafios\u201d, destacou o governador Romeu Zema.<\/p>\n<p>Para a condu\u00e7\u00e3o da pasta, o governador convidou a jornalista C\u00e1ssia Ximenes, profissional com ampla experi\u00eancia na \u00e1rea da comunica\u00e7\u00e3o e reconhecida atua\u00e7\u00e3o institucional e empresarial em Minas Gerais.<\/p>\n<p>Formada em Comunica\u00e7\u00e3o Social pela PUC Minas, C\u00e1ssia construiu trajet\u00f3ria relevante nos meios de comunica\u00e7\u00e3o e no setor produtivo, exercendo fun\u00e7\u00f5es de lideran\u00e7a em entidades representativas e contribuindo para o fortalecimento do di\u00e1logo entre poder p\u00fablico, iniciativa privada e sociedade.<\/p>\n<p>\u201cTenho convic\u00e7\u00e3o de que C\u00e1ssia dar\u00e1 continuidade ao trabalho desenvolvido, agregando sua experi\u00eancia, capacidade de articula\u00e7\u00e3o e vis\u00e3o estrat\u00e9gica \u00e0 comunica\u00e7\u00e3o do Governo\u201d, completou o governador.<\/p>\n<p>Informa\u00e7\u00f5es sobre a posse ser\u00e3o divulgadas oportunamente.<\/p>\n<\/p><\/div>\n","protected":false},"excerpt":{"rendered":"<p>O governador Romeu Zema agradece o trabalho realizado por Bernardo Santos \u00e0 frente da Secretaria&#8230;<\/p>\n","protected":false},"author":2,"featured_media":0,"comment_status":"","ping_status":"","sticky":false,"template":"","format":"standard","meta":{"footnotes":""},"categories":[2],"tags":[],"class_list":["post-39722","post","type-post","status-publish","format-standard","hentry","category-jogos-ao-vivo"],"amp_enabled":true,"_links":{"self":[{"href":"https:\/\/ipatingafc.com.br\/index.php\/wp-json\/wp\/v2\/posts\/39722","targetHints":{"allow":["GET"]}}],"collection":[{"href":"https:\/\/ipatingafc.com.br\/index.php\/wp-json\/wp\/v2\/posts"}],"about":[{"href":"https:\/\/ipatingafc.com.br\/index.php\/wp-json\/wp\/v2\/types\/post"}],"author":[{"embeddable":true,"href":"https:\/\/ipatingafc.com.br\/index.php\/wp-json\/wp\/v2\/users\/2"}],"replies":[{"embeddable":true,"href":"https:\/\/ipatingafc.com.br\/index.php\/wp-json\/wp\/v2\/comments?post=39722"}],"version-history":[{"count":0,"href":"https:\/\/ipatingafc.com.br\/index.php\/wp-json\/wp\/v2\/posts\/39722\/revisions"}],"wp:attachment":[{"href":"https:\/\/ipatingafc.com.br\/index.php\/wp-json\/wp\/v2\/media?parent=39722"}],"wp:term":[{"taxonomy":"category","embeddable":true,"href":"https:\/\/ipatingafc.com.br\/index.php\/wp-json\/wp\/v2\/categories?post=39722"},{"taxonomy":"post_tag","embeddable":true,"href":"https:\/\/ipatingafc.com.br\/index.php\/wp-json\/wp\/v2\/tags?post=39722"}],"curies":[{"name":"wp","href":"https:\/\/api.w.org\/{rel}","templated":true}]}}