{"id":39760,"date":"2026-03-15T21:34:36","date_gmt":"2026-03-16T00:34:36","guid":{"rendered":"https:\/\/ipatingafc.com.br\/index.php\/2026\/03\/15\/agencia-minas-gerais-minas-discute-com-ocde-implementacao-territorial-dos-objetivos-de-desenvolvimento-sustentavel-2\/"},"modified":"2026-03-15T21:34:36","modified_gmt":"2026-03-16T00:34:36","slug":"agencia-minas-gerais-minas-discute-com-ocde-implementacao-territorial-dos-objetivos-de-desenvolvimento-sustentavel-2","status":"publish","type":"post","link":"https:\/\/ipatingafc.com.br\/index.php\/2026\/03\/15\/agencia-minas-gerais-minas-discute-com-ocde-implementacao-territorial-dos-objetivos-de-desenvolvimento-sustentavel-2\/","title":{"rendered":"Ag\u00eancia Minas Gerais | Minas discute com OCDE implementa\u00e7\u00e3o territorial dos Objetivos de Desenvolvimento Sustent\u00e1vel"},"content":{"rendered":"<p><\/p>\n<div>\n<p>Um encontro realizado nessa quinta-feira (12\/3), na Cidade Administrativa, em Belo Horizonte, reuniu representantes do Governo de Minas, da Organiza\u00e7\u00e3o para a Coopera\u00e7\u00e3o e Desenvolvimento Econ\u00f4mico (OCDE) e do Governo do Paran\u00e1 para discutir\u00a0possibilidades de coopera\u00e7\u00e3o, com especial enfoque na abordagem territorial dos Objetivos de Desenvolvimento Sustent\u00e1vel (ODS).<\/p>\n<p>Organizado pela Secretaria de Estado de Casa Civil, o encontro reuniu representantes\u00a0das\u00a0secretarias de Planejamento e Gest\u00e3o, Fazenda, Desenvolvimento Econ\u00f4mico, Meio Ambiente e Desenvolvimento Sustent\u00e1vel, Educa\u00e7\u00e3o, Sa\u00fade e Infraestrutura\u00a0para debater oportunidades de coopera\u00e7\u00e3o t\u00e9cnica e institucional voltadas ao fortalecimento de pol\u00edticas p\u00fablicas alinhadas \u00e0 Agenda 2030 das Na\u00e7\u00f5es Unidas.\u00a0<\/p>\n<p>A iniciativa integra um programa da OCDE que busca apoiar governos nacionais e subnacionais na incorpora\u00e7\u00e3o das metas de desenvolvimento sustent\u00e1vel aos instrumentos de planejamento e gest\u00e3o p\u00fablica, promovendo maior efici\u00eancia na implementa\u00e7\u00e3o de pol\u00edticas p\u00fablicas e na avalia\u00e7\u00e3o de resultados.\u00a0\u00a0<\/p>\n<p>Representada\u00a0por Stefano Marta, chefe da Unidade de Cidades Inteligentes e Sustent\u00e1veis da OCDE, a organiza\u00e7\u00e3o\u00a0desenvolve suas atividades por meio de uma ampla rede de comit\u00eas t\u00e9cnicos dedicados \u00e0 an\u00e1lise de pol\u00edticas p\u00fablicas e \u00e0 formula\u00e7\u00e3o de recomenda\u00e7\u00f5es que orientam reformas estruturais nos pa\u00edses parceiros.<\/p>\n<p>Entre os principais temas de atua\u00e7\u00e3o est\u00e3o a transforma\u00e7\u00e3o digital e o uso respons\u00e1vel da intelig\u00eancia artificial, a promo\u00e7\u00e3o de modelos produtivos sustent\u00e1veis e de economia circular, al\u00e9m do fortalecimento da integridade p\u00fablica e de mecanismos de preven\u00e7\u00e3o \u00e0 corrup\u00e7\u00e3o.\u00a0<\/p>\n<p>O secret\u00e1rio de Estado de Casa Civil, Luiz Ot\u00e1vio Gon\u00e7alves, destacou que a agenda refor\u00e7a o compromisso do estado com padr\u00f5es internacionais de governan\u00e7a e planejamento.\u00a0<\/p>\n<p>\u201cMinas Gerais tem buscado alinhar sua\u00a0atua\u00e7\u00e3o\u00a0\u00e0s melhores pr\u00e1ticas internacionais. O di\u00e1logo com a OCDE representa uma oportunidade importante para fortalecer a qualidade institucional do estado, aprimorar pol\u00edticas p\u00fablicas e ampliar a confian\u00e7a de investidores e parceiros internacionais\u201d, disse o secret\u00e1rio.\u00a0<\/p>\n<p>A superintendente central de Gest\u00e3o e Capta\u00e7\u00e3o de Recursos da Casa Civil, Lav\u00ednia Bortolotto, ressaltou o papel estrat\u00e9gico da secretaria na articula\u00e7\u00e3o de parcerias institucionais.\u00a0<\/p>\n<p>\u201cA Casa Civil tem atuado\u00a0fortemente na promo\u00e7\u00e3o\u00a0de oportunidades de\u00a0articula\u00e7\u00e3o entre \u00f3rg\u00e3os estaduais e parceiros nacionais e internacionais. A atua\u00e7\u00e3o conjunta das \u00e1reas de\u00a0parcerias e\u00a0capta\u00e7\u00e3o de recursos\u00a0e relacionamento internacional,\u00a0amplia as possibilidades de coopera\u00e7\u00e3o e contribui para viabilizar projetos estrat\u00e9gicos para o estado, especialmente aqueles relacionados aos Objetivos de Desenvolvimento Sustent\u00e1vel.\u201d\u00a0<\/p>\n<p>Para o superintendente central de Relacionamento Nacional e Internacional da Casa Civil, Pedro Le\u00e3o, a aproxima\u00e7\u00e3o com a OCDE fortalece o posicionamento institucional do estado.\u00a0<\/p>\n<p>\u201c\u00c9 uma satisfa\u00e7\u00e3o ver Minas Gerais participar de uma iniciativa conduzida por uma organiza\u00e7\u00e3o que re\u00fane pa\u00edses reconhecidos pelas melhores pr\u00e1ticas administrativas, de governan\u00e7a e de desenvolvimento econ\u00f4mico e social\u201d.\u00a0<\/p>\n<\/p><\/div>\n","protected":false},"excerpt":{"rendered":"<p>Um encontro realizado nessa quinta-feira (12\/3), na Cidade Administrativa, em Belo Horizonte, reuniu representantes do&#8230;<\/p>\n","protected":false},"author":2,"featured_media":0,"comment_status":"","ping_status":"","sticky":false,"template":"","format":"standard","meta":{"footnotes":""},"categories":[2],"tags":[],"class_list":["post-39760","post","type-post","status-publish","format-standard","hentry","category-jogos-ao-vivo"],"amp_enabled":true,"_links":{"self":[{"href":"https:\/\/ipatingafc.com.br\/index.php\/wp-json\/wp\/v2\/posts\/39760","targetHints":{"allow":["GET"]}}],"collection":[{"href":"https:\/\/ipatingafc.com.br\/index.php\/wp-json\/wp\/v2\/posts"}],"about":[{"href":"https:\/\/ipatingafc.com.br\/index.php\/wp-json\/wp\/v2\/types\/post"}],"author":[{"embeddable":true,"href":"https:\/\/ipatingafc.com.br\/index.php\/wp-json\/wp\/v2\/users\/2"}],"replies":[{"embeddable":true,"href":"https:\/\/ipatingafc.com.br\/index.php\/wp-json\/wp\/v2\/comments?post=39760"}],"version-history":[{"count":0,"href":"https:\/\/ipatingafc.com.br\/index.php\/wp-json\/wp\/v2\/posts\/39760\/revisions"}],"wp:attachment":[{"href":"https:\/\/ipatingafc.com.br\/index.php\/wp-json\/wp\/v2\/media?parent=39760"}],"wp:term":[{"taxonomy":"category","embeddable":true,"href":"https:\/\/ipatingafc.com.br\/index.php\/wp-json\/wp\/v2\/categories?post=39760"},{"taxonomy":"post_tag","embeddable":true,"href":"https:\/\/ipatingafc.com.br\/index.php\/wp-json\/wp\/v2\/tags?post=39760"}],"curies":[{"name":"wp","href":"https:\/\/api.w.org\/{rel}","templated":true}]}}