{"id":39761,"date":"2026-03-15T22:01:49","date_gmt":"2026-03-16T01:01:49","guid":{"rendered":"https:\/\/ipatingafc.com.br\/index.php\/2026\/03\/15\/entidades-repudiam-ataques-a-jornalistas-que-cobrem-bolsonaro\/"},"modified":"2026-03-15T22:01:49","modified_gmt":"2026-03-16T01:01:49","slug":"entidades-repudiam-ataques-a-jornalistas-que-cobrem-bolsonaro","status":"publish","type":"post","link":"https:\/\/ipatingafc.com.br\/index.php\/2026\/03\/15\/entidades-repudiam-ataques-a-jornalistas-que-cobrem-bolsonaro\/","title":{"rendered":"Entidades repudiam ataques a jornalistas que cobrem Bolsonaro"},"content":{"rendered":"<p><\/p>\n<div wp_automatic_readability=\"95.639755480607\">\n<p><strong>Entidades que representam jornalistas brasileiros repudiaram as agress\u00f5es e amea\u00e7as sofridas por profissionais de imprensa que trabalham diante do hospital particular onde o ex-presidente da Rep\u00fablica Jair Bolsonaro est\u00e1 internado, em Bras\u00edlia.<\/strong><\/p>\n<p><strong>A Federa\u00e7\u00e3o Nacional dos Jornalistas (Fenaj), a Associa\u00e7\u00e3o Brasileira de Jornalismo Investigativo (Abraji) e o Sindicato dos Jornalistas Profissionais do Distrito Federal (SJPDF) divulgaram notas cobrando prote\u00e7\u00e3o aos profissionais.<\/strong><\/p>\n<p>Segundo a Abraji, alguns jornalistas passaram a receber amea\u00e7as e ofensas ap\u00f3s uma influenciadora digital bolsonarista divulgar um v\u00eddeo em que acusa profissionais de imprensa que aparecem em imagens gravadas na porta do Hospital DF Star, \u00e0 espera de informa\u00e7\u00f5es atualizadas sobre o estado de sa\u00fade de Bolsonaro, de desejarem a morte do ex-presidente.<\/p>\n<p><strong>Cinema hist\u00f3rico do DF abrir\u00e1 as portas para exibir cerim\u00f4nia do Oscar<\/strong><\/p>\n<p><strong>Mostra marca abertura do espa\u00e7o expositivo Casa-ateli\u00ea Tomie Ohtake<\/strong><\/p>\n<p>O v\u00eddeo foi compartilhado por parlamentares e pela pr\u00f3pria ex-primeira-dama, Michelle Bolsonaro, que tem mais de 8 milh\u00f5es de seguidores em suas redes sociais.<\/p>\n<p><strong>A Abraji classificou a divulga\u00e7\u00e3o do v\u00eddeo, sem qualquer verifica\u00e7\u00e3o pr\u00e9via, como um gesto irrespons\u00e1vel. <\/strong>Segundo a associa\u00e7\u00e3o, o registro foi deturpado\u00a0e exp\u00f4s jornalistas \u201cque estavam simplesmente exercendo seu trabalho\u201d a amea\u00e7as e difama\u00e7\u00f5es.<\/p>\n<blockquote wp_automatic_readability=\"10\">\n<p>\u201c\u00c9 inadmiss\u00edvel que parlamentares e figuras com espa\u00e7o no debate p\u00fablico utilizem sua influ\u00eancia para orquestrar campanhas de difama\u00e7\u00e3o e incitar agress\u00f5es contra profissionais de imprensa. Esse tipo de ataque n\u00e3o \u00e9 apenas uma amea\u00e7a individual \u2014 \u00e9 um ataque direto \u00e0 liberdade de imprensa e \u00e0 democracia\u201d, sustenta a Abraji, na nota que divulgou neste domingo (15).<\/p>\n<\/blockquote>\n<p>De acordo com a associa\u00e7\u00e3o, as agress\u00f5es n\u00e3o ficaram restritas ao ambiente digital: ao menos duas rep\u00f3rteres sofreram ataques presenciais ao serem reconhecidas na rua.<\/p>\n<p><strong>Festa para o Oscar tem concurso de s\u00f3sias de Wagner Moura no Rio<\/strong><\/p>\n<p><strong>Enquete BBB26; parcial indica disputa acirrada entre Boneco, Ana Paula e Jonas no 9\u00ba Pared\u00e3o<\/strong><\/p>\n<p>Ainda segundo a Abraji, montagens e v\u00eddeos produzidos com o uso de intelig\u00eancia artificial foram divulgados, inclusive simulando que uma das profissionais \u00e9 esfaqueada, e fotos de filhos e parentes de jornalistas est\u00e3o sendo usadas como instrumento de intimida\u00e7\u00e3o e ass\u00e9dio.<\/p>\n<p>Tamb\u00e9m em nota, a Fenaj e o Sindicato dos Jornalistas do Distrito Federal cobraram prote\u00e7\u00e3o aos trabalhadores. \u201cLembramos que \u00e9 dever do Estado garantir a seguran\u00e7a dos profissionais em locais p\u00fablicos e de interesse jornal\u00edstico\u201d, destacaram as entidades, antecipando que ir\u00e3o pedir refor\u00e7o da Pol\u00edcia Militar na frente do hospital para impedir \u201ccerceamento e agress\u00f5es\u201d ao trabalho da imprensa \u201cpor parte de militantes\u201d.<\/p>\n<p>\u201cRessaltamos ainda que \u00e9 fundamental a apura\u00e7\u00e3o rigorosa das amea\u00e7as para que epis\u00f3dios como esse n\u00e3o se repitam. Pedimos \u00e0s autoridades policiais e ao Minist\u00e9rio P\u00fablico que identifiquem e punam os autores das amea\u00e7as virtuais e os respons\u00e1veis pela exposi\u00e7\u00e3o indevida de dados dos profissionais\u201d, cobraram a Fenaj e o sindicato.\u00a0<\/p>\n<p><strong>As entidades\u00a0exigem\u00a0que as empresas de jornalismo proporcionem condi\u00e7\u00f5es para que seus empregados possam trabalhar, afastando-os do hospital caso n\u00e3o se sintam seguros e oferecendo a eles apoio jur\u00eddico.<\/strong><\/p>\n<blockquote wp_automatic_readability=\"10\">\n<p>\u201cReafirmamos que a liberdade de imprensa \u00e9 um pilar fundamental da democracia. O jornalismo \u00e9 essencial para levar fatos ao conhecimento p\u00fablico, e n\u00e3o pode ser cerceado por m\u00e9todos de coa\u00e7\u00e3o f\u00edsica ou psicol\u00f3gica. N\u00e3o aceitaremos a intimida\u00e7\u00e3o como m\u00e9todo pol\u00edtico\u201d, concluem as entidades.<\/p>\n<\/blockquote>\n<p>A <strong>Ag\u00eancia Brasil <\/strong>n\u00e3o conseguiu contato com a Secretaria de Seguran\u00e7a P\u00fablica do Distrito Federal e com a Pol\u00edcia Civil para saber se boletins de ocorr\u00eancia foram registrados.<\/p>\n<h2>Interna\u00e7\u00e3o<\/h2>\n<p><strong>Bolsonaro est\u00e1 internado na Unidade de Terapia Intensiva (UTI) do hospital DF Star desde a manh\u00e3 da \u00faltima sexta-feira (13), tratando de uma broncopneumonia bacteriana bilateral de prov\u00e1vel origem aspirativa.<\/strong><\/p>\n<p>Segundo o boletim m\u00e9dico divulgado esta manh\u00e3, seu quadro cl\u00ednico \u00e9 est\u00e1vel e ele teve uma melhora da fun\u00e7\u00e3o renal de ontem (14) para hoje, mas devido a uma eleva\u00e7\u00e3o dos marcadores inflamat\u00f3rios em seu sangue, os m\u00e9dicos decidiram ampliar a dosagem de antibi\u00f3ticos.<\/p>\n<p>Ainda n\u00e3o h\u00e1 previs\u00e3o de quando ele poder\u00e1 deixar a UTI e seguir para um quarto, de onde dever\u00e1 voltar a Papudinha (pr\u00e9dio no Complexo Penitenci\u00e1rio da Papuda), onde cumpre pena de 27 anos e 3 meses de pris\u00e3o, por tentativa de golpe de Estado e outros crimes relacionados.<\/p>\n<\/div>\n","protected":false},"excerpt":{"rendered":"<p>Entidades que representam jornalistas brasileiros repudiaram as agress\u00f5es e amea\u00e7as sofridas por profissionais de imprensa&#8230;<\/p>\n","protected":false},"author":2,"featured_media":0,"comment_status":"","ping_status":"","sticky":false,"template":"","format":"standard","meta":{"footnotes":""},"categories":[2],"tags":[],"class_list":["post-39761","post","type-post","status-publish","format-standard","hentry","category-jogos-ao-vivo"],"amp_enabled":true,"_links":{"self":[{"href":"https:\/\/ipatingafc.com.br\/index.php\/wp-json\/wp\/v2\/posts\/39761","targetHints":{"allow":["GET"]}}],"collection":[{"href":"https:\/\/ipatingafc.com.br\/index.php\/wp-json\/wp\/v2\/posts"}],"about":[{"href":"https:\/\/ipatingafc.com.br\/index.php\/wp-json\/wp\/v2\/types\/post"}],"author":[{"embeddable":true,"href":"https:\/\/ipatingafc.com.br\/index.php\/wp-json\/wp\/v2\/users\/2"}],"replies":[{"embeddable":true,"href":"https:\/\/ipatingafc.com.br\/index.php\/wp-json\/wp\/v2\/comments?post=39761"}],"version-history":[{"count":0,"href":"https:\/\/ipatingafc.com.br\/index.php\/wp-json\/wp\/v2\/posts\/39761\/revisions"}],"wp:attachment":[{"href":"https:\/\/ipatingafc.com.br\/index.php\/wp-json\/wp\/v2\/media?parent=39761"}],"wp:term":[{"taxonomy":"category","embeddable":true,"href":"https:\/\/ipatingafc.com.br\/index.php\/wp-json\/wp\/v2\/categories?post=39761"},{"taxonomy":"post_tag","embeddable":true,"href":"https:\/\/ipatingafc.com.br\/index.php\/wp-json\/wp\/v2\/tags?post=39761"}],"curies":[{"name":"wp","href":"https:\/\/api.w.org\/{rel}","templated":true}]}}