{"id":39980,"date":"2026-03-19T10:06:40","date_gmt":"2026-03-19T13:06:40","guid":{"rendered":"https:\/\/ipatingafc.com.br\/index.php\/2026\/03\/19\/relatorio-da-onu-aponta-desigualdade-de-genero-no-acesso-a-agua\/"},"modified":"2026-03-19T10:06:40","modified_gmt":"2026-03-19T13:06:40","slug":"relatorio-da-onu-aponta-desigualdade-de-genero-no-acesso-a-agua","status":"publish","type":"post","link":"https:\/\/ipatingafc.com.br\/index.php\/2026\/03\/19\/relatorio-da-onu-aponta-desigualdade-de-genero-no-acesso-a-agua\/","title":{"rendered":"Relat\u00f3rio da ONU aponta desigualdade de g\u00eanero no acesso \u00e0 \u00e1gua"},"content":{"rendered":"<p><\/p>\n<div wp_automatic_readability=\"61.765215597277\">\n<p><strong>As desigualdades de g\u00eanero continuam a comprometer a seguran\u00e7a h\u00eddrica mundial, afetando de maneira desproporcional mulheres e meninas. Apesar de serem as principais respons\u00e1veis pela coleta de \u00e1gua, elas continuam exclu\u00eddas da gest\u00e3o e dos cargos de lideran\u00e7a no setor h\u00eddrico.<\/strong><\/p>\n<p>Esta \u00e9 a conclus\u00e3o do Relat\u00f3rio Mundial das Na\u00e7\u00f5es Unidas sobre o Desenvolvimento dos Recursos H\u00eddricos, publicado nesta quinta-feira (19) pela Organiza\u00e7\u00e3o das Na\u00e7\u00f5es Unidas para a Educa\u00e7\u00e3o, a Ci\u00eancia e a Cultura (Unesco), em nome da ONU-\u00c1gua.<\/p>\n<p><strong>O relat\u00f3rio aponta que as mulheres s\u00e3o respons\u00e1veis pela coleta de \u00e1gua em mais de 70% dos domic\u00edlios rurais sem acesso a esse tipo de servi\u00e7os.<\/strong><\/p>\n<p><strong>Minist\u00e9rio P\u00fablico far\u00e1 campanha contra ass\u00e9dio eleitoral neste ano<\/strong><\/p>\n<p><strong>MPRJ recomenda uso correto das c\u00e2meras corporais pelas pol\u00edcias do Rio<\/strong><\/p>\n<p>O diretor-geral da Unesco, Khaled El-Enany, avalia que garantir a participa\u00e7\u00e3o das mulheres na gest\u00e3o e na governan\u00e7a h\u00eddrica \u00e9 um fator fundamental para o progresso e para o desenvolvimento sustent\u00e1vel.<\/p>\n<blockquote wp_automatic_readability=\"10\">\n<p>\u201cDevemos intensificar os esfor\u00e7os a fim de proteger o acesso de mulheres e meninas \u00e0 \u00e1gua. Este n\u00e3o \u00e9 apenas um direito b\u00e1sico, pois quando as mulheres t\u00eam acesso igual \u00e0 \u00e1gua, todos se beneficiam\u201d, afirmou El-Enany.<\/p>\n<\/blockquote>\n<p>Para o presidente do Fundo Internacional para o Desenvolvimento Agr\u00edcola (FIDA) e presidente da ONU-\u00c1gua, Alvaro Lario, \u00e9 hora de reconhecer plenamente o papel central das mulheres e das meninas nas solu\u00e7\u00f5es relacionadas \u00e0 \u00e1gua.<\/p>\n<blockquote wp_automatic_readability=\"6.4086021505376\">\n<p>\u201cPrecisamos de mulheres e homens que administrem a \u00e1gua lado a lado, como um bem comum que fornece benef\u00edcios a toda a sociedade\u201d, disse Lario.<\/p>\n<p><strong>Caixa paga Bolsa Fam\u00edlia a benefici\u00e1rios com NIS de final 2<\/strong><\/p>\n<p><strong>C\u00e1rmen L\u00facia relata amea\u00e7a de bomba em palestra a estudantes no DF<\/strong><\/p>\n<\/blockquote>\n<h2>Dia Mundial da \u00c1gua<\/h2>\n<p>O Relat\u00f3rio Mundial das Na\u00e7\u00f5es Unidas sobre o Desenvolvimento dos Recursos H\u00eddricos \u00e9 divulgado anualmente no contexto do Dia Mundial da \u00c1gua, celebrado no pr\u00f3ximo domingo (22).<strong> O estudo deste ano\u00a0alerta que 2,1 bilh\u00f5es de pessoas ainda n\u00e3o contam com \u00e1gua pot\u00e1vel administrada de forma segura, sendo que as mulheres e meninas s\u00e3o as mais afetadas.<\/strong><\/p>\n<p>Segundo a ONU, por serem na maioria das vezes as respons\u00e1veis pela coleta e gest\u00e3o da \u00e1gua em suas resid\u00eancias, mulheres e meninas est\u00e3o expostas a\u00a0esfor\u00e7o f\u00edsico, perda de acesso \u00e0 educa\u00e7\u00e3o e aos meios de subsist\u00eancia, riscos \u00e0 sa\u00fade e maior vulnerabilidade \u00e0 viol\u00eancia de g\u00eanero, especialmente nos locais em que os servi\u00e7os n\u00e3o s\u00e3o seguros ou s\u00e3o pouco confi\u00e1veis.<\/p>\n<h2>Confira os principais destaques do estudo\u00a0<\/h2>\n<ul>\n<li>Mundialmente, todos os dias, mulheres e meninas passam um total de 250 milh\u00f5es de horas coletando \u00e1gua, tempo que poderia ser dedicado \u00e0 educa\u00e7\u00e3o, ao lazer ou a atividades de gera\u00e7\u00e3o de renda. Meninas menores de 15 anos (7%) t\u00eam maior probabilidade do que meninos da mesma idade (4%) de buscar \u00e1gua.<\/li>\n<li>Instala\u00e7\u00f5es sanit\u00e1rias prec\u00e1rias afetam mulheres e meninas de maneira desproporcional, especialmente em favelas urbanas e \u00e1reas rurais. A falta de sanit\u00e1rios e de \u00e1gua para ser usada na higiene menstrual provoca vergonha e absente\u00edsmo: estima-se que, entre 2016 e 2022, 10 milh\u00f5es de adolescentes (15\u201319 anos), em 41 pa\u00edses, faltaram \u00e0 escola, ao trabalho ou a atividades sociais em raz\u00e3o das dificuldades de higiene na menstrua\u00e7\u00e3o.<\/li>\n<li>Apesar de seu papel central na provis\u00e3o de \u00e1gua para uso dom\u00e9stico, na agricultura, na preserva\u00e7\u00e3o de ecossistemas e na resili\u00eancia comunit\u00e1ria, as mulheres permanecem sistematicamente sub-representadas na governan\u00e7a, no financiamento, nos servi\u00e7os e na tomada de decis\u00f5es do setor h\u00eddrico.<\/li>\n<li>Desigualdades de g\u00eanero na posse de terras e propriedades impactam diretamente o acesso das mulheres \u00e0 \u00e1gua. Muitas vezes, os direitos \u00e0 \u00e1gua est\u00e3o vinculados aos direitos \u00e0 terra, o que afeta diretamente a disponibilidade h\u00eddrica para usos produtivos, como a agricultura. Leis e regulamentos relativos \u00e0 propriedade de terra que discriminam mulheres as colocam em uma situa\u00e7\u00e3o de desvantagem social e econ\u00f4mica. Em alguns pa\u00edses, homens det\u00eam o dobro de terras em compara\u00e7\u00e3o \u00e0s mulheres.<\/li>\n<\/ul>\n<h2>Recomenda\u00e7\u00f5es<\/h2>\n<p>O relat\u00f3rio apresenta recomenda\u00e7\u00f5es para a promo\u00e7\u00e3o de avan\u00e7os significativos, entre elas:<\/p>\n<ul>\n<li>\u00a0eliminar barreiras legais, institucionais e financeiras aos direitos iguais de mulheres \u00e0 \u00e1gua, \u00e0 terra e aos servi\u00e7os;<\/li>\n<li>investir em dados h\u00eddrico-ambientais desagregados por sexo, a fim de expor as desigualdades e orientar pol\u00edticas;<\/li>\n<li>valorizar o trabalho n\u00e3o remunerado relacionado \u00e0 \u00e1gua nos processos de planejamento, precifica\u00e7\u00e3o e decis\u00f5es de investimento;<\/li>\n<li>fortalecer a lideran\u00e7a e a capacidade t\u00e9cnica das mulheres, especialmente em \u00e1reas cient\u00edficas e t\u00e9cnicas da governan\u00e7a h\u00eddrica.<\/li>\n<\/ul>\n<\/div>\n","protected":false},"excerpt":{"rendered":"<p>As desigualdades de g\u00eanero continuam a comprometer a seguran\u00e7a h\u00eddrica mundial, afetando de maneira desproporcional&#8230;<\/p>\n","protected":false},"author":2,"featured_media":0,"comment_status":"","ping_status":"","sticky":false,"template":"","format":"standard","meta":{"footnotes":""},"categories":[2],"tags":[],"class_list":["post-39980","post","type-post","status-publish","format-standard","hentry","category-jogos-ao-vivo"],"amp_enabled":true,"_links":{"self":[{"href":"https:\/\/ipatingafc.com.br\/index.php\/wp-json\/wp\/v2\/posts\/39980","targetHints":{"allow":["GET"]}}],"collection":[{"href":"https:\/\/ipatingafc.com.br\/index.php\/wp-json\/wp\/v2\/posts"}],"about":[{"href":"https:\/\/ipatingafc.com.br\/index.php\/wp-json\/wp\/v2\/types\/post"}],"author":[{"embeddable":true,"href":"https:\/\/ipatingafc.com.br\/index.php\/wp-json\/wp\/v2\/users\/2"}],"replies":[{"embeddable":true,"href":"https:\/\/ipatingafc.com.br\/index.php\/wp-json\/wp\/v2\/comments?post=39980"}],"version-history":[{"count":0,"href":"https:\/\/ipatingafc.com.br\/index.php\/wp-json\/wp\/v2\/posts\/39980\/revisions"}],"wp:attachment":[{"href":"https:\/\/ipatingafc.com.br\/index.php\/wp-json\/wp\/v2\/media?parent=39980"}],"wp:term":[{"taxonomy":"category","embeddable":true,"href":"https:\/\/ipatingafc.com.br\/index.php\/wp-json\/wp\/v2\/categories?post=39980"},{"taxonomy":"post_tag","embeddable":true,"href":"https:\/\/ipatingafc.com.br\/index.php\/wp-json\/wp\/v2\/tags?post=39980"}],"curies":[{"name":"wp","href":"https:\/\/api.w.org\/{rel}","templated":true}]}}