{"id":40014,"date":"2026-03-19T22:25:47","date_gmt":"2026-03-20T01:25:47","guid":{"rendered":"https:\/\/ipatingafc.com.br\/index.php\/2026\/03\/19\/lula-destaca-importancia-de-terras-raras-do-brasil-para-america-do-sul\/"},"modified":"2026-03-19T22:25:47","modified_gmt":"2026-03-20T01:25:47","slug":"lula-destaca-importancia-de-terras-raras-do-brasil-para-america-do-sul","status":"publish","type":"post","link":"https:\/\/ipatingafc.com.br\/index.php\/2026\/03\/19\/lula-destaca-importancia-de-terras-raras-do-brasil-para-america-do-sul\/","title":{"rendered":"Lula destaca import\u00e2ncia de terras raras do Brasil para Am\u00e9rica do Sul"},"content":{"rendered":"<p><\/p>\n<div wp_automatic_readability=\"131.32197756543\">\n<p><strong>O presidente Luiz In\u00e1cio Lula da Silva defendeu nesta quinta-feira (19), em S\u00e3o Bernardo do Campo, no Grande ABC, que as terras raras e os minerais cr\u00edticos existentes no Brasil s\u00e3o \u201ca forma de recuperarmos a cidadania da Am\u00e9rica do Sul\u201d.<\/strong><\/p>\n<blockquote wp_automatic_readability=\"9\">\n<p>\u201cE agora eles querem nos explorar e fazer a mesma coisa que os espanh\u00f3is fizeram com min\u00e9rio de ferro e com ouro: levar\u00a0 e deixar os buracos que eles cavam. E dessa vez n\u00f3s vamos nos juntar para dizer que os mineiros cr\u00edticos e as terras raras ser\u00e3o uma forma de a gente recuperar a cidadania do povo latino-americano\u201d, disse Lula.\u00a0<\/p>\n<\/blockquote>\n<p>A fala de Lula foi uma resposta ao presidente dos Estados Unidos, Donald Trump, que vem demonstrando interesse em explorar esses min\u00e9rios do Brasil. <strong>Para Lula, nenhum pa\u00eds estrangeiro poderia solucionar os problemas do Brasil, j\u00e1 que a resposta deve vir exclusivamente de nosso pr\u00f3prio territ\u00f3rio.<\/strong><\/p>\n<p><strong>Brasileiro pode ser preso por dirigir sem PID nos EUA? Entenda as regras e o caso do Rato Borrachudo<\/strong><\/p>\n<p><strong>N\u00famero de alunos de ensino superior aumenta em 2023 e 2024<\/strong><\/p>\n<p>\u201cA gente precisa adotar como princ\u00edpio filos\u00f3fico de vida que n\u00f3s \u2013 e somente n\u00f3s \u2013 poderemos resolver os nossos problemas, os problemas da nossa soberania, os problemas da integridade territorial e o problema da eleva\u00e7\u00e3o de vida do povo brasileiro e do povo latino-americano\u201d, concluiu.\u00a0<\/p>\n<p>Segundo Lula, n\u00e3o ser\u00e1 Trump quem vai resolver os problemas da Am\u00e9rica do Sul. \u201cTem pa\u00edses que acham que o Trump vai resolver os problemas que atingem os pa\u00edses da Am\u00e9rica. Os espanh\u00f3is ficaram 500 anos e n\u00e3o resolveram. Os ingleses tamb\u00e9m ficaram por l\u00e1 por um tempo e n\u00e3o resolveram. Os americanos n\u00e3o resolveram\u201d, disse.\u00a0<\/p>\n<h2>Mujica<\/h2>\n<p><strong>Na tarde de hoje (19), Lula esteve no Centro de Forma\u00e7\u00e3o e Educa\u00e7\u00e3o Permanente (Cenforpe), em S\u00e3o Bernardo do Campo (SP), onde participou de uma solenidade de entrega do t\u00edtulo de <em>Doutor Honoris Causa <\/em>(<em>in memoriam<\/em>) ao ex-presidente do Uruguai\u00a0Pepe Mujica<\/strong>, pela Universidade Federal do ABC (UFABC).\u00a0<\/p>\n<p><strong>O evento contou com a presen\u00e7a de Luc\u00eda Topolansky, ex-vice-presidente do Uruguai e vi\u00fava de Mujica.<\/strong><\/p>\n<p><strong>Rastreamento para c\u00e2ncer colorretal pode ser implementado no SUS<\/strong><\/p>\n<p><strong>Lembra dela? Atriz que brilhou na Globo deixou a fama, mudou de vida e hoje vive longe dos holofotes<\/strong><\/p>\n<p>Durante o evento, Lula elogiou Mujica, chamando-o de irm\u00e3o. Ap\u00f3s ler uma carta escrita para ele por Mujica, quando foi novamente eleito presidente do Brasil, Lula disse que o uruguaio foi um \u00f3timo ser humano.\u00a0<\/p>\n<p>\u201cEu tive o prazer de conviver com o Pepe Mujica depois que ele foi eleito presidente do Uruguai. Eu pude conhecer muito mais do que um presidente da rep\u00fablica, eu estava diante de um ser humano muito especial\u201d, falou.\u00a0<\/p>\n<p>\u201cPara mim, isso tem um valor enorme porque a educa\u00e7\u00e3o deve alcan\u00e7ar e abrir suas portas universalmente para todos, tanto para aqueles que trabalham quanto para aqueles que ainda n\u00e3o tiveram acesso a ela porque, infelizmente, ao longo da hist\u00f3ria, as universidades nem sempre proporcionaram esse espa\u00e7o\u201d, disse Luc\u00eda Topolansky, durante a cerim\u00f4nia.<\/p>\n<p>Luc\u00eda entregou \u00e0 universidade uma c\u00f3pia do livro de Mujica, chamado <em>Semillas al Viento<\/em> (sementes ao vento).\u00a0<\/p>\n<p>\u201cQue a vida de Pepe Mujica seja uma inspira\u00e7\u00e3o para nossa juventude, para as nossas universidades e para todas e todos n\u00f3s, na tarefa de construirmos uma grande frente em defesa de um pa\u00eds cada vez mais justo, soberano e menos desigual\u201d, falou o reitor da universidade, D\u00e1cio Roberto Matheus.<\/p>\n<p>Em pronunciamento online, o atual presidente do Uruguai, Yamand\u00fa Orsi, tamb\u00e9m celebrou a homenagem a Mujica. \u201cAgrade\u00e7o sinceramente tudo o que o velho Pepe nos deixou, sejam li\u00e7\u00f5es ou uma forma de pensar, mas tamb\u00e9m agrade\u00e7o a voc\u00eas por manterem a chama acesa e preservarem o que aprendemos. Aprendemos muito com isso\u201d, disse ele.<\/p>\n<h2>T\u00edtulo<\/h2>\n<p><strong>O t\u00edtulo doutor honoris causa \u00e9 a mais alta distin\u00e7\u00e3o acad\u00eamica concedida por universidades a pessoas que se destacaram nas artes, ci\u00eancias, educa\u00e7\u00e3o, pol\u00edtica, cultura ou causas humanit\u00e1rias, contribuindo para o progresso social.<\/strong><\/p>\n<p>A concess\u00e3o da honraria foi aprovada pelo Conselho Universit\u00e1rio em junho de 2024 e foi ratificado pela reitoria da universidade sob a justificativa de que Mujica foi um l\u00edder que promoveu valores como a democracia, a diversidade, a educa\u00e7\u00e3o, a consci\u00eancia \u00e9tica e a integra\u00e7\u00e3o regional.<\/p>\n<p>Mujica faleceu no dia 13 de maio do ano passado, aos 89 anos, em Montevid\u00e9u, capital uruguaia.<\/p>\n<p>Em 2024, quando foi informado sobre o t\u00edtulo, Mujica manifestou o desejo de que Lula participasse da cerim\u00f4nia de entrega da honraria. Lula tamb\u00e9m j\u00e1 foi agraciado com o mesmo t\u00edtulo. Em 2013, o presidente foi a primeira pessoa a receber o t\u00edtulo de doutor honoris causa da UFABC.<\/p>\n<\/div>\n","protected":false},"excerpt":{"rendered":"<p>O presidente Luiz In\u00e1cio Lula da Silva defendeu nesta quinta-feira (19), em S\u00e3o Bernardo do&#8230;<\/p>\n","protected":false},"author":2,"featured_media":0,"comment_status":"","ping_status":"","sticky":false,"template":"","format":"standard","meta":{"footnotes":""},"categories":[2],"tags":[],"class_list":["post-40014","post","type-post","status-publish","format-standard","hentry","category-jogos-ao-vivo"],"amp_enabled":true,"_links":{"self":[{"href":"https:\/\/ipatingafc.com.br\/index.php\/wp-json\/wp\/v2\/posts\/40014","targetHints":{"allow":["GET"]}}],"collection":[{"href":"https:\/\/ipatingafc.com.br\/index.php\/wp-json\/wp\/v2\/posts"}],"about":[{"href":"https:\/\/ipatingafc.com.br\/index.php\/wp-json\/wp\/v2\/types\/post"}],"author":[{"embeddable":true,"href":"https:\/\/ipatingafc.com.br\/index.php\/wp-json\/wp\/v2\/users\/2"}],"replies":[{"embeddable":true,"href":"https:\/\/ipatingafc.com.br\/index.php\/wp-json\/wp\/v2\/comments?post=40014"}],"version-history":[{"count":0,"href":"https:\/\/ipatingafc.com.br\/index.php\/wp-json\/wp\/v2\/posts\/40014\/revisions"}],"wp:attachment":[{"href":"https:\/\/ipatingafc.com.br\/index.php\/wp-json\/wp\/v2\/media?parent=40014"}],"wp:term":[{"taxonomy":"category","embeddable":true,"href":"https:\/\/ipatingafc.com.br\/index.php\/wp-json\/wp\/v2\/categories?post=40014"},{"taxonomy":"post_tag","embeddable":true,"href":"https:\/\/ipatingafc.com.br\/index.php\/wp-json\/wp\/v2\/tags?post=40014"}],"curies":[{"name":"wp","href":"https:\/\/api.w.org\/{rel}","templated":true}]}}