{"id":40039,"date":"2026-03-20T07:21:00","date_gmt":"2026-03-20T10:21:00","guid":{"rendered":"https:\/\/ipatingafc.com.br\/index.php\/2026\/03\/20\/projeto-ambiental-fortalece-recuperacao-ambiental-em-bonito-com-atuacao-conjunta-ao-governo-de-ms\/"},"modified":"2026-03-20T07:21:00","modified_gmt":"2026-03-20T10:21:00","slug":"projeto-ambiental-fortalece-recuperacao-ambiental-em-bonito-com-atuacao-conjunta-ao-governo-de-ms","status":"publish","type":"post","link":"https:\/\/ipatingafc.com.br\/index.php\/2026\/03\/20\/projeto-ambiental-fortalece-recuperacao-ambiental-em-bonito-com-atuacao-conjunta-ao-governo-de-ms\/","title":{"rendered":"Projeto ambiental fortalece recupera\u00e7\u00e3o ambiental em Bonito com atua\u00e7\u00e3o conjunta ao Governo de MS"},"content":{"rendered":"<p><\/p>\n<div wp_automatic_readability=\"147.73519163763\">\n<p style=\"font-weight: 400;\">A recupera\u00e7\u00e3o ambiental das margens do Rio Mimoso, em Bonito, \u00e9 resultado de um trabalho t\u00e9cnico e institucional desenvolvido por meio do Projeto \u00c1guas de Bonito, iniciativa que re\u00fane \u00f3rg\u00e3os p\u00fablicos, organiza\u00e7\u00f5es da sociedade civil e produtores rurais em a\u00e7\u00f5es voltadas \u00e0 prote\u00e7\u00e3o dos recursos h\u00eddricos da regi\u00e3o.<\/p>\n<p style=\"font-weight: 400;\">O projeto conta com a participa\u00e7\u00e3o da Secretaria de Meio Ambiente, Desenvolvimento, Ci\u00eancia, Tecnologia e Inova\u00e7\u00e3o (Semadesc), por meio do Instituto de Meio Ambiente de Mato Grosso do Sul (Imasul), em parceria com o Minist\u00e9rio P\u00fablico Estadual, o Instituto das \u00c1guas da Serra da Bodoquena (IASB), a Prefeitura de Bonito, o Sindicato Rural e propriet\u00e1rios de \u00e1reas localizadas na bacia do Rio Mimoso.<\/p>\n<p style=\"font-weight: 400;\">A iniciativa surgiu a partir de um desafio comum enfrentado pelos \u00f3rg\u00e3os ambientais: a grande extens\u00e3o territorial e a diversidade de \u00e1reas naturais, que tornam complexa a fiscaliza\u00e7\u00e3o permanente de todos os ambientes sens\u00edveis. Diante desse cen\u00e1rio, foi constru\u00edda uma parceria institucional para ampliar a capacidade de diagn\u00f3stico e recupera\u00e7\u00e3o ambiental em propriedades localizadas na bacia do Rio Mimoso.<\/p>\n<p><strong>Drenagem e pavimenta\u00e7\u00e3o no Jardim Mansur entram na fase final \u2013 CGNot\u00edcias<\/strong><\/p>\n<p><strong>Prefeitura de Bonito lan\u00e7a editais da PNAB para projetos culturais \u2013 Prefeitura Municipal de Bonito<\/strong><\/p>\n<p style=\"font-weight: 400;\">O Projeto \u00c1guas de Bonito teve in\u00edcio em 2020, com a realiza\u00e7\u00e3o de vistorias t\u00e9cnicas e levantamentos ambientais nas propriedades rurais, etapa conduzida de forma conjunta pelo Imasul, IASB e Minist\u00e9rio P\u00fablico. O objetivo foi identificar as principais \u00e1reas que apresentavam algum n\u00edvel de degrada\u00e7\u00e3o ambiental e propor solu\u00e7\u00f5es espec\u00edficas para cada situa\u00e7\u00e3o encontrada.<\/p>\n<p style=\"font-weight: 400;\">Durante o diagn\u00f3stico, as equipes t\u00e9cnicas analisaram as condi\u00e7\u00f5es ambientais de cada propriedade e definiram as medidas mais adequadas para recupera\u00e7\u00e3o das \u00e1reas. Em alguns casos, apenas o isolamento das \u00e1reas de preserva\u00e7\u00e3o permanente foi suficiente para permitir a regenera\u00e7\u00e3o natural da vegeta\u00e7\u00e3o. Em outras situa\u00e7\u00f5es, foi necess\u00e1rio reposicionar cercas para afastar atividades produtivas das margens do rio, al\u00e9m da implanta\u00e7\u00e3o de plantio de mudas nativas para recomposi\u00e7\u00e3o da vegeta\u00e7\u00e3o ciliar.<\/p>\n<p style=\"font-weight: 400;\">Esse processo tamb\u00e9m contou com di\u00e1logo direto com os propriet\u00e1rios rurais, que aceitaram abrir suas \u00e1reas para as vistorias e contribuir com as a\u00e7\u00f5es de recupera\u00e7\u00e3o ambiental. A participa\u00e7\u00e3o volunt\u00e1ria dos produtores foi considerada essencial para o avan\u00e7o das medidas de conserva\u00e7\u00e3o na regi\u00e3o.<\/p>\n<p style=\"font-weight: 400;\">O gestor regional do Imasul em Bonito, Marcelo Brasil, explica que a atua\u00e7\u00e3o do \u00f3rg\u00e3o ambiental esteve concentrada principalmente na fase t\u00e9cnica inicial do projeto.<\/p>\n<p><strong>Funsat\u00a0oferece 1.213 vagas de emprego nesta quinta-feira\u00a0 \u2013 CGNot\u00edcias<\/strong><\/p>\n<p><strong>Procon de Mato Grosso do Sul identifica varia\u00e7\u00e3o de at\u00e9 21% no pre\u00e7o do diesel em mar\u00e7o \u2013 Ag\u00eancia de Noticias do Governo de Mato Grosso do Sul<\/strong><\/p>\n<p style=\"font-weight: 400;\">\u201cO Imasul participou diretamente da etapa de diagn\u00f3stico ambiental, com vistorias nas propriedades e identifica\u00e7\u00e3o das medidas necess\u00e1rias para recuperar as \u00e1reas degradadas. A partir desse levantamento t\u00e9cnico foi poss\u00edvel definir quais solu\u00e7\u00f5es seriam aplicadas em cada local, sempre com foco na prote\u00e7\u00e3o das margens do rio e na recupera\u00e7\u00e3o da vegeta\u00e7\u00e3o ciliar\u201d, destacou.<\/p>\n<p style=\"font-weight: 400;\">Com base nas informa\u00e7\u00f5es coletadas durante essa fase inicial, foram elaboradas as propostas de recupera\u00e7\u00e3o ambiental que orientam as a\u00e7\u00f5es atualmente em execu\u00e7\u00e3o no projeto.<\/p>\n<p style=\"font-weight: 400;\">A etapa de implanta\u00e7\u00e3o das medidas de recupera\u00e7\u00e3o, que inclui o plantio de mudas nativas, \u00e9 executada pelo Instituto das \u00c1guas da Serra da Bodoquena (IASB), organiza\u00e7\u00e3o n\u00e3o governamental que atua na conserva\u00e7\u00e3o dos recursos naturais da regi\u00e3o.<\/p>\n<p style=\"font-weight: 400;\">A fiscaliza\u00e7\u00e3o ambiental do Imasul tamb\u00e9m acompanha o processo, verificando o cumprimento das medidas ambientais e garantindo que as interven\u00e7\u00f5es ocorram de acordo com as orienta\u00e7\u00f5es t\u00e9cnicas definidas no projeto.<\/p>\n<p style=\"font-weight: 400;\">Para a fiscal ambiental do Imasul, Luciana Valle de Loro, a recomposi\u00e7\u00e3o da vegeta\u00e7\u00e3o nas margens dos rios \u00e9 fundamental para manter o equil\u00edbrio ecol\u00f3gico.<\/p>\n<p style=\"font-weight: 400;\">\u201cA recupera\u00e7\u00e3o das matas ciliares \u00e9 uma das medidas mais eficazes para proteger os rios. A vegeta\u00e7\u00e3o nas margens ajuda a evitar processos de eros\u00e3o, contribui para a qualidade da \u00e1gua e garante abrigo para diversas esp\u00e9cies da fauna e da flora\u201d, explicou.<\/p>\n<p style=\"font-weight: 400;\">Al\u00e9m da recupera\u00e7\u00e3o ambiental, o projeto tamb\u00e9m tem papel importante na conscientiza\u00e7\u00e3o sobre a preserva\u00e7\u00e3o dos recursos naturais, especialmente em uma regi\u00e3o reconhecida nacionalmente pela biodiversidade e pelo turismo de natureza.<\/p>\n<p style=\"font-weight: 400;\">Liliane Lacerda, executiva do IASB, destaca que a parceria entre as institui\u00e7\u00f5es tem sido essencial para os resultados alcan\u00e7ados pelo Projeto \u00c1guas de Bonito.<\/p>\n<p style=\"font-weight: 400;\">\u201cA coopera\u00e7\u00e3o entre o Imasul e o IASB mostra como a uni\u00e3o entre poder p\u00fablico e sociedade civil fortalece a conserva\u00e7\u00e3o ambiental. Enquanto o Imasul garante o suporte t\u00e9cnico e a seguran\u00e7a das a\u00e7\u00f5es, o IASB atua na restaura\u00e7\u00e3o ambiental e na mobiliza\u00e7\u00e3o dos produtores. Esse trabalho conjunto tem avan\u00e7ado na prote\u00e7\u00e3o de nascentes, recupera\u00e7\u00e3o de \u00e1reas degradadas e melhoria da qualidade da \u00e1gua, com a\u00e7\u00f5es de longo prazo como restaura\u00e7\u00e3o florestal, conserva\u00e7\u00e3o do solo e educa\u00e7\u00e3o ambiental\u201d, resumiu.<\/p>\n<p style=\"font-weight: 400;\">O reconhecimento do impacto positivo da iniciativa veio tamb\u00e9m em n\u00edvel nacional. Em 2024, o Projeto \u00c1guas de Bonito foi vencedor na categoria \u201cElementos Naturais\u201d da 22\u00aa edi\u00e7\u00e3o do Pr\u00eamio CREIA de Meio Ambiente \u2013 Trof\u00e9u Siriema, conhecido como o \u201cOscar da Sustentabilidade\u201d, promovido pelo Conselho Regional de Engenharia e Agronomia de Goi\u00e1s (CREA-GO). A premia\u00e7\u00e3o destaca projetos que se sobressaem na conserva\u00e7\u00e3o ambiental e no uso sustent\u00e1vel dos recursos naturais.<\/p>\n<p style=\"font-weight: 400;\">O diretor-presidente do Imasul, Andr\u00e9 Borges, ressalta sobre a a\u00e7\u00e3o e demonstra como a atua\u00e7\u00e3o integrada fortalece a gest\u00e3o ambiental no Estado. \u201cO Projeto mostra que a uni\u00e3o entre institui\u00e7\u00f5es p\u00fablicas, organiza\u00e7\u00f5es ambientais e produtores rurais \u00e9 fundamental para ampliar a prote\u00e7\u00e3o dos nossos recursos h\u00eddricos.<\/p>\n<p>\u00a0<\/p>\n<p style=\"font-weight: 400;\">O Imasul contribui com o suporte t\u00e9cnico e a fiscaliza\u00e7\u00e3o, garantindo que as a\u00e7\u00f5es ocorram com base em crit\u00e9rios ambientais s\u00f3lidos e com foco na preserva\u00e7\u00e3o de longo prazo\u201d, destacou.<\/p>\n<p style=\"font-weight: 400;\">O pr\u00eamio refor\u00e7a a relev\u00e2ncia do trabalho desenvolvido em Bonito e evidencia como a integra\u00e7\u00e3o entre institui\u00e7\u00f5es p\u00fablicas, organiza\u00e7\u00f5es ambientais e produtores rurais pode gerar resultados concretos na prote\u00e7\u00e3o dos rios, na recupera\u00e7\u00e3o de \u00e1reas degradadas e na preserva\u00e7\u00e3o dos ecossistemas naturais do Mato Grosso do Sul.<\/p>\n<p style=\"font-weight: 400;\"><em>Gustavo Escobar, Comunica\u00e7\u00e3o Imasul<\/em><\/p>\n<\/div>\n","protected":false},"excerpt":{"rendered":"<p>A recupera\u00e7\u00e3o ambiental das margens do Rio Mimoso, em Bonito, \u00e9 resultado de um trabalho&#8230;<\/p>\n","protected":false},"author":2,"featured_media":0,"comment_status":"","ping_status":"","sticky":false,"template":"","format":"standard","meta":{"footnotes":""},"categories":[2],"tags":[],"class_list":["post-40039","post","type-post","status-publish","format-standard","hentry","category-jogos-ao-vivo"],"amp_enabled":true,"_links":{"self":[{"href":"https:\/\/ipatingafc.com.br\/index.php\/wp-json\/wp\/v2\/posts\/40039","targetHints":{"allow":["GET"]}}],"collection":[{"href":"https:\/\/ipatingafc.com.br\/index.php\/wp-json\/wp\/v2\/posts"}],"about":[{"href":"https:\/\/ipatingafc.com.br\/index.php\/wp-json\/wp\/v2\/types\/post"}],"author":[{"embeddable":true,"href":"https:\/\/ipatingafc.com.br\/index.php\/wp-json\/wp\/v2\/users\/2"}],"replies":[{"embeddable":true,"href":"https:\/\/ipatingafc.com.br\/index.php\/wp-json\/wp\/v2\/comments?post=40039"}],"version-history":[{"count":0,"href":"https:\/\/ipatingafc.com.br\/index.php\/wp-json\/wp\/v2\/posts\/40039\/revisions"}],"wp:attachment":[{"href":"https:\/\/ipatingafc.com.br\/index.php\/wp-json\/wp\/v2\/media?parent=40039"}],"wp:term":[{"taxonomy":"category","embeddable":true,"href":"https:\/\/ipatingafc.com.br\/index.php\/wp-json\/wp\/v2\/categories?post=40039"},{"taxonomy":"post_tag","embeddable":true,"href":"https:\/\/ipatingafc.com.br\/index.php\/wp-json\/wp\/v2\/tags?post=40039"}],"curies":[{"name":"wp","href":"https:\/\/api.w.org\/{rel}","templated":true}]}}