{"id":40392,"date":"2026-03-26T09:09:38","date_gmt":"2026-03-26T12:09:38","guid":{"rendered":"https:\/\/ipatingafc.com.br\/index.php\/2026\/03\/26\/alteracao-no-transito-regiao-do-sao-dimas-prefeitura-estancia-turistica-guaratingueta\/"},"modified":"2026-03-26T09:09:38","modified_gmt":"2026-03-26T12:09:38","slug":"alteracao-no-transito-regiao-do-sao-dimas-prefeitura-estancia-turistica-guaratingueta","status":"publish","type":"post","link":"https:\/\/ipatingafc.com.br\/index.php\/2026\/03\/26\/alteracao-no-transito-regiao-do-sao-dimas-prefeitura-estancia-turistica-guaratingueta\/","title":{"rendered":"Altera\u00e7\u00e3o no Tr\u00e2nsito \u2013 Regi\u00e3o do S\u00e3o Dimas \u2013 Prefeitura Est\u00e2ncia Tur\u00edstica Guaratinguet\u00e1"},"content":{"rendered":"<p><\/p>\n<div>\n<p>A Prefeitura de Guaratinguet\u00e1, por meio da Secretaria de Seguran\u00e7a e Mobilidade Urbana, informa que, a partir desta quinta-feira (26\/03), haver\u00e1 altera\u00e7\u00e3o no fluxo de ve\u00edculos no trecho das obras do novo Hipermercado Shibata.<\/p>\n<p>\u00a0<\/p>\n<p>A Rua Alberto Barbeta passar\u00e1 a operar em sentido \u00fanico (Centro-Bairro). Confira as rotas de desvio para os demais trajetos:<\/p>\n<p>\u00a0<\/p>\n<p>1. Sentido Bairro-Centro<\/p>\n<p>Os condutores dever\u00e3o utilizar as seguintes alternativas:<\/p>\n<p>\u00a0<\/p>\n<p>Avenida Augustin Soliva (conhecida como \u201cAvenida S\u201d);<\/p>\n<p>Rua Prof. Ant\u00f4nio Tolosa (\u00faltima rua do bairro S\u00e3o Dimas).<\/p>\n<p>\u00a0<\/p>\n<p>2. Acesso para Moradores (Jardim Bela Vista)<\/p>\n<p>\u00a0<\/p>\n<p>Os moradores das proximidades poder\u00e3o utilizar como alternativa a Avenida Olyntho Antunes Oliveira.<\/p>\n<p>\u00a0<\/p>\n<p>3. Transporte P\u00fablico (Linha Col\u00f4nia do Piagui)<\/p>\n<p>No sentido Bairro-Centro, os \u00f4nibus realizar\u00e3o o seguinte desvio:<\/p>\n<p>\u00a0<\/p>\n<p>Seguir\u00e3o pela Av. Helenir Carioca dos Reis;<\/p>\n<p>Passar\u00e3o pelo Village Santana e Av. S\u00e3o Dimas em dire\u00e7\u00e3o \u00e0 Rodovi\u00e1ria.<\/p>\n<p>\u00a0<\/p>\n<p>Orienta\u00e7\u00f5es:<\/p>\n<p>A Prefeitura solicita aos condutores e pedestres que redobrem a aten\u00e7\u00e3o ao trafegar pela regi\u00e3o e respeitem a sinaliza\u00e7\u00e3o implantada. O objetivo das mudan\u00e7as \u00e9 garantir a fluidez do tr\u00e2nsito e a seguran\u00e7a de todos durante o per\u00edodo de obras.<\/p>\n<\/p><\/div>\n","protected":false},"excerpt":{"rendered":"<p>A Prefeitura de Guaratinguet\u00e1, por meio da Secretaria de Seguran\u00e7a e Mobilidade Urbana, informa que,&#8230;<\/p>\n","protected":false},"author":2,"featured_media":0,"comment_status":"","ping_status":"","sticky":false,"template":"","format":"standard","meta":{"footnotes":""},"categories":[2],"tags":[],"class_list":["post-40392","post","type-post","status-publish","format-standard","hentry","category-jogos-ao-vivo"],"amp_enabled":true,"_links":{"self":[{"href":"https:\/\/ipatingafc.com.br\/index.php\/wp-json\/wp\/v2\/posts\/40392","targetHints":{"allow":["GET"]}}],"collection":[{"href":"https:\/\/ipatingafc.com.br\/index.php\/wp-json\/wp\/v2\/posts"}],"about":[{"href":"https:\/\/ipatingafc.com.br\/index.php\/wp-json\/wp\/v2\/types\/post"}],"author":[{"embeddable":true,"href":"https:\/\/ipatingafc.com.br\/index.php\/wp-json\/wp\/v2\/users\/2"}],"replies":[{"embeddable":true,"href":"https:\/\/ipatingafc.com.br\/index.php\/wp-json\/wp\/v2\/comments?post=40392"}],"version-history":[{"count":0,"href":"https:\/\/ipatingafc.com.br\/index.php\/wp-json\/wp\/v2\/posts\/40392\/revisions"}],"wp:attachment":[{"href":"https:\/\/ipatingafc.com.br\/index.php\/wp-json\/wp\/v2\/media?parent=40392"}],"wp:term":[{"taxonomy":"category","embeddable":true,"href":"https:\/\/ipatingafc.com.br\/index.php\/wp-json\/wp\/v2\/categories?post=40392"},{"taxonomy":"post_tag","embeddable":true,"href":"https:\/\/ipatingafc.com.br\/index.php\/wp-json\/wp\/v2\/tags?post=40392"}],"curies":[{"name":"wp","href":"https:\/\/api.w.org\/{rel}","templated":true}]}}