{"id":40514,"date":"2026-03-28T06:08:45","date_gmt":"2026-03-28T09:08:45","guid":{"rendered":"https:\/\/ipatingafc.com.br\/index.php\/2026\/03\/28\/prefcg-convoca-pcds-para-programa-recomecar-moradia-cgnoticias\/"},"modified":"2026-03-28T06:08:45","modified_gmt":"2026-03-28T09:08:45","slug":"prefcg-convoca-pcds-para-programa-recomecar-moradia-cgnoticias","status":"publish","type":"post","link":"https:\/\/ipatingafc.com.br\/index.php\/2026\/03\/28\/prefcg-convoca-pcds-para-programa-recomecar-moradia-cgnoticias\/","title":{"rendered":"PrefCG convoca PCDs para Programa Recome\u00e7ar Moradia \u2013 CGNot\u00edcias"},"content":{"rendered":"<p><\/p>\n<div wp_automatic_readability=\"46.887540830611\">\n<p>A Prefeitura de Campo Grande, por meio da Ag\u00eancia Municipal de Habita\u00e7\u00e3o e Assuntos Fundi\u00e1rios (Emha), publicou nesta sexta-feira (27), no Di\u00e1rio Oficial (Diogrande), a convoca\u00e7\u00e3o de candidatos sorteados para dar continuidade ao processo de sele\u00e7\u00e3o do Programa Recome\u00e7ar Moradia, na modalidade Pessoa com Defici\u00eancia (PCD).<\/p>\n<p>A chamada \u00e9 direcionada aos suplentes j\u00e1 sorteados anteriormente, conforme lista do Edital Informativo n\u00ba 69, divulgado em dezembro de 2025. Nesta etapa, ser\u00e1 realizada a pr\u00e9-an\u00e1lise documental, que verifica se os candidatos atendem aos crit\u00e9rios do programa.<\/p>\n<p>O atendimento ser\u00e1 realizado no dia 31 de mar\u00e7o, \u00e0s 8h, na sede da Secretaria de Assist\u00eancia Social (Sas), localizada na Rua Ven\u00e2ncio Borges do Nascimento, no Jardim TV Morena, por ordem de chegada.<\/p>\n<p><strong>Sejusp acompanha in loco opera\u00e7\u00e3o de seguran\u00e7a da COP15 em Campo Grande \u2013 Ag\u00eancia de Noticias do Governo de Mato Grosso do Sul<\/strong><\/p>\n<p><strong>Bonito apresenta projeto de regulamenta\u00e7\u00e3o de ve\u00edculos autopropelidos em f\u00f3rum estadual \u2013 Prefeitura Municipal de Bonito<\/strong><\/p>\n<p>Os convocados devem apresentar documentos pessoais e comprovar resid\u00eancia no munic\u00edpio h\u00e1 mais de dois anos, renda familiar de at\u00e9 tr\u00eas sal\u00e1rios m\u00ednimos, inscri\u00e7\u00e3o no Cadastro \u00danico e n\u00e3o possuir im\u00f3vel ou outro benef\u00edcio habitacional.<\/p>\n<p>Tamb\u00e9m \u00e9 obrigat\u00f3ria a apresenta\u00e7\u00e3o de laudo m\u00e9dico atualizado com o C\u00f3digo Internacional de Doen\u00e7as (CID), que comprove a condi\u00e7\u00e3o de pessoa com defici\u00eancia. A aus\u00eancia do documento implica desclassifica\u00e7\u00e3o imediata.<\/p>\n<p>A EMHA refor\u00e7a que a pr\u00e9-an\u00e1lise n\u00e3o garante o acesso ao benef\u00edcio, que depende da disponibilidade de vagas, em caso de desist\u00eancia ou desclassifica\u00e7\u00e3o de candidatos titulares.<\/p>\n<p>Para acessar basta clicar aqui.<\/p>\n<p><strong>Pacote de investimentos da Sanesul leva obras de \u00e1gua e esgoto \u00e0 regi\u00e3o Sul-Fronteira \u2013 Ag\u00eancia de Noticias do Governo de Mato Grosso do Sul<\/strong><\/p>\n<p><strong>Obras de drenagem avan\u00e7am na Vila Don\u00e1ria e levam infraestrutura aguardada h\u00e1 mais de 30 anos \u2013 Prefeitura Municipal de Bonito<\/strong><\/p>\n<p><em>#ParaTodosVerem: Imagem do processo de an\u00e1lise documental.<\/em><\/p>\n<\/div>\n<p><script async defer src=\"https:\/\/connect.facebook.net\/en_US\/sdk.js?ver=1#xfbml=1&amp;version=v3.2\" id=\"prefeitura-campogrande-script-facebook-sdk-js\" type=\"b840df8c0425ef88dd2a1d27-text\/javascript\"><\/script><\/p>\n","protected":false},"excerpt":{"rendered":"<p>A Prefeitura de Campo Grande, por meio da Ag\u00eancia Municipal de Habita\u00e7\u00e3o e Assuntos Fundi\u00e1rios&#8230;<\/p>\n","protected":false},"author":2,"featured_media":0,"comment_status":"","ping_status":"","sticky":false,"template":"","format":"standard","meta":{"footnotes":""},"categories":[2],"tags":[],"class_list":["post-40514","post","type-post","status-publish","format-standard","hentry","category-jogos-ao-vivo"],"amp_enabled":true,"_links":{"self":[{"href":"https:\/\/ipatingafc.com.br\/index.php\/wp-json\/wp\/v2\/posts\/40514","targetHints":{"allow":["GET"]}}],"collection":[{"href":"https:\/\/ipatingafc.com.br\/index.php\/wp-json\/wp\/v2\/posts"}],"about":[{"href":"https:\/\/ipatingafc.com.br\/index.php\/wp-json\/wp\/v2\/types\/post"}],"author":[{"embeddable":true,"href":"https:\/\/ipatingafc.com.br\/index.php\/wp-json\/wp\/v2\/users\/2"}],"replies":[{"embeddable":true,"href":"https:\/\/ipatingafc.com.br\/index.php\/wp-json\/wp\/v2\/comments?post=40514"}],"version-history":[{"count":0,"href":"https:\/\/ipatingafc.com.br\/index.php\/wp-json\/wp\/v2\/posts\/40514\/revisions"}],"wp:attachment":[{"href":"https:\/\/ipatingafc.com.br\/index.php\/wp-json\/wp\/v2\/media?parent=40514"}],"wp:term":[{"taxonomy":"category","embeddable":true,"href":"https:\/\/ipatingafc.com.br\/index.php\/wp-json\/wp\/v2\/categories?post=40514"},{"taxonomy":"post_tag","embeddable":true,"href":"https:\/\/ipatingafc.com.br\/index.php\/wp-json\/wp\/v2\/tags?post=40514"}],"curies":[{"name":"wp","href":"https:\/\/api.w.org\/{rel}","templated":true}]}}