{"id":41127,"date":"2026-04-08T16:23:53","date_gmt":"2026-04-08T19:23:53","guid":{"rendered":"https:\/\/ipatingafc.com.br\/index.php\/2026\/04\/08\/festival-e-tudo-verdade-comeca-nesta-quinta-no-rio-e-em-sao-paulo\/"},"modified":"2026-04-08T16:23:53","modified_gmt":"2026-04-08T19:23:53","slug":"festival-e-tudo-verdade-comeca-nesta-quinta-no-rio-e-em-sao-paulo","status":"publish","type":"post","link":"https:\/\/ipatingafc.com.br\/index.php\/2026\/04\/08\/festival-e-tudo-verdade-comeca-nesta-quinta-no-rio-e-em-sao-paulo\/","title":{"rendered":"Festival \u00c9 Tudo Verdade come\u00e7a nesta quinta no Rio e em S\u00e3o Paulo"},"content":{"rendered":"<p><\/p>\n<div wp_automatic_readability=\"82.459592641261\">\n<p><strong>Come\u00e7a amanh\u00e3 (9), em S\u00e3o Paulo e no Rio de Janeiro, a 31\u00aa edi\u00e7\u00e3o do <em>\u00c9 Tudo Verdade \u2013 Festival Internacional de Document\u00e1rios<\/em>, com sess\u00f5es gratuitas em sete salas de cinema. <\/strong>Este ano, o evento inaugura sua\u00a0curadoria infantil\u00a0e homenageia os cineastas Vivian Ostrovsky, Jean-Claude Bernardet, Luiz Ferraz, Rubens Crispim Jr, Silvio Da-Rin e Silvio Tendler.<\/p>\n<p>Foram selecionados\u00a0<strong>75 filmes\u00a0para compor a programa\u00e7\u00e3o oficial<\/strong>, que poder\u00e3o ser assistidos pelo p\u00fablico at\u00e9 o dia\u00a019 de abril. Os t\u00edtulos que concorrem a premia\u00e7\u00f5es est\u00e3o divididos em quatro mostras: a de longas e m\u00e9dias-metragens brasileiros; longas e m\u00e9dias-metragens internacionais; curtas-metragens brasileiros e curta-metragens internacionais.\u00a0<\/p>\n<p>Na abertura da capital paulista, um \u00edcone imortal ter\u00e1 a\u00a0vida\u00a0projetada no tel\u00e3o. <strong>Em uma hora e meia de dura\u00e7\u00e3o, o diretor Jonathan Stiasny relembra, com\u00a0<em>Bowie: O Ato Final<\/em>, por que David Bowie era incompar\u00e1vel e assim permanece, dez anos depois de sua morte.\u00a0<\/strong><\/p>\n<p><strong>Tens\u00e3o no Big Brother Brasil 26; Leandro Rocha aperta bot\u00e3o de desist\u00eancia e gera preocupa\u00e7\u00e3o<\/strong><\/p>\n<p><strong>STF inicia julgamento sobre elei\u00e7\u00f5es para mandato-tamp\u00e3o no Rio<\/strong><\/p>\n<p>No Rio, o festival come\u00e7a com\u00a0<em>VIVO 76<\/em>, do pernambucano L\u00edrio Ferreira, que esteve \u00e0 frente do longa <em>\u00c1rido Movie<\/em>, estrelado por um elenco de finas atua\u00e7\u00f5es, como Selton Mello, Matheus\u00a0Nachtergaele e Mariana Lima. A produ\u00e7\u00e3o recupera arquivos raros para percorrer o universo de\u00a0Alceu Valen\u00e7a, a partir do \u00e1lbum de 1976, emblema da vertente psicod\u00e9lica da m\u00fasica nacional. Ambos os filmes ter\u00e3o sess\u00f5es nas duas capitais.<\/p>\n<p>&gt;&gt; Siga o canal da <strong>Ag\u00eancia Brasil <\/strong>no WhatsApp<\/p>\n<p><strong>Os document\u00e1rios vencedores ser\u00e3o anunciados em cerim\u00f4nia especial, no\u00a0dia 18, \u00e0s 19 horas, na Cinemateca Brasileira, em S\u00e3o Paulo. <\/strong>Todos os t\u00edtulos contemplados com pr\u00eamios ser\u00e3o reexibidos\u00a0em S\u00e3o Paulo e no Rio de Janeiro, no dia 19.\u00a0<\/p>\n<p>Al\u00e9m do eixo de competi\u00e7\u00f5es, a curadoria criou outras mostras:<\/p>\n<p><strong>Ir\u00e3 amea\u00e7a romper cessar-fogo ap\u00f3s ataques de Israel contra o L\u00edbano<\/strong><\/p>\n<p><strong>Produ\u00e7\u00e3o de ve\u00edculos em mar\u00e7o registrou melhor resultado desde 2019<\/strong><\/p>\n<ul>\n<li>Programas Especiais,<\/li>\n<li>Foco Latino-Americano,<\/li>\n<li>O Estado das Coisas,<\/li>\n<li>Cl\u00e1ssicos \u00c9 Tudo Verdade,<\/li>\n<li>Retrospectiva,<\/li>\n<li>Homenagens<\/li>\n<li>\u00c9 Tudinho Verdade, novidade voltada\u00a0ao p\u00fablico infantil.<\/li>\n<\/ul>\n<p>Esta \u00faltima ter\u00e1 filmes de\u00a0David Reeks e Renata Meirelles, com\u00a0a tem\u00e1tica brincadeiras de diferentes regi\u00f5es do pa\u00eds.<\/p>\n<p>Sem ficar restrito \u00e0s salas de cinema, o festival disponibilizar\u00e1\u00a0dez curtas em streaming, com exclusividade do Ita\u00fa Cultural Play\u00a0. O per\u00edodo de acesso ser\u00e1 de 20 de abril e 4 de maio.<\/p>\n<p>A\u00a0programa\u00e7\u00e3o completa, que inclui encontros, masterclass com o cineasta\u00a0Jorge Bodanzky, de <em>Iracema, Uma Transa Amaz\u00f4nica<\/em>, e lan\u00e7amento de livro, pode ser conferida no\u00a0site oficial do festival, viabilizado com recursos captados pela Lei Rouanet, pelo Minist\u00e9rio da Cultura, conjuntamente com a Secretaria da Cultura, Economia e Ind\u00fastria Criativas, do governo estadual de S\u00e3o Paulo.<\/p>\n<\/div>\n","protected":false},"excerpt":{"rendered":"<p>Come\u00e7a amanh\u00e3 (9), em S\u00e3o Paulo e no Rio de Janeiro, a 31\u00aa edi\u00e7\u00e3o do&#8230;<\/p>\n","protected":false},"author":2,"featured_media":0,"comment_status":"","ping_status":"","sticky":false,"template":"","format":"standard","meta":{"footnotes":""},"categories":[2],"tags":[],"class_list":["post-41127","post","type-post","status-publish","format-standard","hentry","category-jogos-ao-vivo"],"amp_enabled":true,"_links":{"self":[{"href":"https:\/\/ipatingafc.com.br\/index.php\/wp-json\/wp\/v2\/posts\/41127","targetHints":{"allow":["GET"]}}],"collection":[{"href":"https:\/\/ipatingafc.com.br\/index.php\/wp-json\/wp\/v2\/posts"}],"about":[{"href":"https:\/\/ipatingafc.com.br\/index.php\/wp-json\/wp\/v2\/types\/post"}],"author":[{"embeddable":true,"href":"https:\/\/ipatingafc.com.br\/index.php\/wp-json\/wp\/v2\/users\/2"}],"replies":[{"embeddable":true,"href":"https:\/\/ipatingafc.com.br\/index.php\/wp-json\/wp\/v2\/comments?post=41127"}],"version-history":[{"count":0,"href":"https:\/\/ipatingafc.com.br\/index.php\/wp-json\/wp\/v2\/posts\/41127\/revisions"}],"wp:attachment":[{"href":"https:\/\/ipatingafc.com.br\/index.php\/wp-json\/wp\/v2\/media?parent=41127"}],"wp:term":[{"taxonomy":"category","embeddable":true,"href":"https:\/\/ipatingafc.com.br\/index.php\/wp-json\/wp\/v2\/categories?post=41127"},{"taxonomy":"post_tag","embeddable":true,"href":"https:\/\/ipatingafc.com.br\/index.php\/wp-json\/wp\/v2\/tags?post=41127"}],"curies":[{"name":"wp","href":"https:\/\/api.w.org\/{rel}","templated":true}]}}