{"id":41130,"date":"2026-04-08T17:45:39","date_gmt":"2026-04-08T20:45:39","guid":{"rendered":"https:\/\/ipatingafc.com.br\/index.php\/2026\/04\/08\/obitos-por-malaria-na-terra-yanomami-cairam-80-em-2025-diz-governo\/"},"modified":"2026-04-08T17:45:39","modified_gmt":"2026-04-08T20:45:39","slug":"obitos-por-malaria-na-terra-yanomami-cairam-80-em-2025-diz-governo","status":"publish","type":"post","link":"https:\/\/ipatingafc.com.br\/index.php\/2026\/04\/08\/obitos-por-malaria-na-terra-yanomami-cairam-80-em-2025-diz-governo\/","title":{"rendered":"\u00d3bitos por mal\u00e1ria na terra Yanomami ca\u00edram 80% em 2025, diz governo"},"content":{"rendered":"<p><\/p>\n<div wp_automatic_readability=\"110.17147934251\">\n<p>O Minist\u00e9rio da Sa\u00fade publicou nesta quarta-feira (8) um novo informe sobre a situa\u00e7\u00e3o dos ind\u00edgenas do territ\u00f3rio Yanomami, em Roraima, o maior em extens\u00e3o\u00a0 do pa\u00eds. <strong>Segundo a pasta, foi registrada uma redu\u00e7\u00e3o de 80,8% de \u00f3bitos por mal\u00e1ria, na compara\u00e7\u00e3o entre o fim de 2025 e janeiro de 2023, ano em que o governo declarou Emerg\u00eancia em Sa\u00fade P\u00fablica de Import\u00e2ncia Nacional (ESPIN) <\/strong>para enfrentar a crise humanit\u00e1ria vivida pela comunidade tradicional, que sofria com invas\u00e3o de garimpeiros.<\/p>\n<p><strong>O informe cita um aumento de 75,9% do n\u00famero de exames realizados por detec\u00e7\u00e3o ativa. <\/strong>A testagem para a doen\u00e7a tamb\u00e9m foi ampliada de 144.986 para 257.930 testes em 2025.<\/p>\n<p><strong>Conforme o documento, os \u00f3bitos por desnutri\u00e7\u00e3o tamb\u00e9m registraram significativa queda de 53,2% entre 2023 e 2025. <\/strong>No per\u00edodo, o n\u00famero de crian\u00e7as menores de cinco anos com peso adequado aumentou de 45,4% para 53,8%.<\/p>\n<p><strong>Banco Mundial reduz previs\u00e3o de crescimento do Brasil para 1,6%<\/strong><\/p>\n<p><strong>Festival \u00c9 Tudo Verdade come\u00e7a nesta quinta no Rio e em S\u00e3o Paulo<\/strong><\/p>\n<p>Tamb\u00e9m houve aumento no n\u00famero de crian\u00e7as acompanhadas de 70,1% para 85,1%. A desnutri\u00e7\u00e3o grave tamb\u00e9m teve queda. Crian\u00e7as com muito baixo peso reduziram de 24,2% para 15,2% no per\u00edodo. Os dados constam no Informe n\u00ba 9 do Centro de Opera\u00e7\u00f5es de Emerg\u00eancias Yanomami (COE).<\/p>\n<p>&gt;&gt; Siga o canal da <strong>Ag\u00eancia Brasil <\/strong>no WhatsApp<\/p>\n<p>De acordo com o boletim, o atendimento por infec\u00e7\u00f5es respirat\u00f3rias agudas aumentou em 254% entre 2023 e 2025. <strong>Com isso, a letalidade da doen\u00e7a reduziu em 76% e o n\u00famero de \u00f3bitos em 16,7% <\/strong>desde o in\u00edcio da resposta \u00e0 Emerg\u00eancia de Sa\u00fade P\u00fablica.<\/p>\n<p><strong>Na \u00e1rea de imuniza\u00e7\u00e3o, o Minist\u00e9rio da Sa\u00fade confirmou aumento de 40% no n\u00famero de doses aplicadas em 2025 em compara\u00e7\u00e3o a 2023 <\/strong>\u2013 de 31.999 para 44.754. O percentual de crian\u00e7as menores de um ano com esquema vacinal completo mais que dobrou no per\u00edodo, com aumento de 27% em 2023 para 60,6% em 2025. Entre crian\u00e7as menores de cinco anos, o avan\u00e7o foi de 47,4% para 78,3%, refletindo o fortalecimento das a\u00e7\u00f5es de vacina\u00e7\u00e3o de rotina.<\/p>\n<p><strong>Tens\u00e3o no Big Brother Brasil 26; Leandro Rocha aperta bot\u00e3o de desist\u00eancia e gera preocupa\u00e7\u00e3o<\/strong><\/p>\n<p><strong>STF inicia julgamento sobre elei\u00e7\u00f5es para mandato-tamp\u00e3o no Rio<\/strong><\/p>\n<p>Segundo a secretaria de Sa\u00fade Ind\u00edgena do Minist\u00e9rio, Lucinha Trememb\u00e9, os resultados refletem a amplia\u00e7\u00e3o do acesso \u00e0 sa\u00fade no territ\u00f3rio, reafirmando o compromisso com a prote\u00e7\u00e3o da vida e a promo\u00e7\u00e3o da sa\u00fade dos povos ind\u00edgenas.\u00a0<\/p>\n<blockquote wp_automatic_readability=\"15\">\n<p>\u201cEstamos avan\u00e7ando de forma consistente na melhoria da sa\u00fade no territ\u00f3rio Yanomami, com redu\u00e7\u00e3o de \u00f3bitos e, principalmente, das mortes por causas evit\u00e1veis, como a desnutri\u00e7\u00e3o e a mal\u00e1ria. Esses resultados refletem o esfor\u00e7o permanente da atual gest\u00e3o em fortalecer a presen\u00e7a do Estado, garantindo uma aten\u00e7\u00e3o integral, qualificada e respeitosa \u00e0s especificidades culturais dos povos ind\u00edgenas\u201d, apontou.<\/p>\n<\/blockquote>\n<h2>Atendimentos<\/h2>\n<p><strong>Entre os avan\u00e7os citados pelo governo federal est\u00e1 a amplia\u00e7\u00e3o da for\u00e7a de trabalho em sa\u00fade no territ\u00f3rio. <\/strong>Desde o in\u00edcio da emerg\u00eancia sanit\u00e1ria, o n\u00famero de profissionais mais que triplicou, passando de 690 para mais de 2.130 trabalhadores atuando diretamente nas aldeias, na Casa de Sa\u00fade Ind\u00edgena (Casai), em Boa Vista, e nas estruturas do Distrito Sanit\u00e1rio Especial Ind\u00edgena Yanomami.<\/p>\n<p>No campo da infraestrutura, o COE Yanomami destacou a realiza\u00e7\u00e3o de 261 interven\u00e7\u00f5es em sistemas de abastecimento de \u00e1gua, al\u00e9m da instala\u00e7\u00e3o de mais de 1.400 filtros, contribuindo para o acesso \u00e0 \u00e1gua segura.<\/p>\n<p>Tamb\u00e9m foram implantados 61 sistemas de energia solar e executadas melhorias em unidades de sa\u00fade, consolidando uma base mais robusta para a aten\u00e7\u00e3o prim\u00e1ria no territ\u00f3rio.<\/p>\n<p>Outro marco importante deste per\u00edodo de emerg\u00eancia nacional foi a reforma e amplia\u00e7\u00e3o do Centro de Refer\u00eancia em Sa\u00fade Ind\u00edgena (CRSI) no polo base de Surucucu, no interior do territ\u00f3rio.<\/p>\n<p>Desde que foi reestruturado, o local, que \u00e9 um ponto de refer\u00eancia dentro da Terra Ind\u00edgena, j\u00e1 realizou 4.374 atendimentos ambulatoriais. Desses, 2.081 foram exames laboratoriais e 328 exames de ultrassonografia. A unidade atende 48 comunidades, al\u00e9m de concentrar a maior parte das remo\u00e7\u00f5es da regi\u00e3o.<\/p>\n<blockquote wp_automatic_readability=\"9\">\n<p>\u201cA estrutura qualificada tem contribu\u00eddo para melhorar o manejo cl\u00ednico, fortalecer o v\u00ednculo com as comunidades e organizar os fluxos assistenciais\u201d, diz o Minist\u00e9rio da Sa\u00fade, em nota.<\/p>\n<\/blockquote>\n<\/div>\n","protected":false},"excerpt":{"rendered":"<p>O Minist\u00e9rio da Sa\u00fade publicou nesta quarta-feira (8) um novo informe sobre a situa\u00e7\u00e3o dos&#8230;<\/p>\n","protected":false},"author":2,"featured_media":0,"comment_status":"","ping_status":"","sticky":false,"template":"","format":"standard","meta":{"footnotes":""},"categories":[2],"tags":[],"class_list":["post-41130","post","type-post","status-publish","format-standard","hentry","category-jogos-ao-vivo"],"amp_enabled":true,"_links":{"self":[{"href":"https:\/\/ipatingafc.com.br\/index.php\/wp-json\/wp\/v2\/posts\/41130","targetHints":{"allow":["GET"]}}],"collection":[{"href":"https:\/\/ipatingafc.com.br\/index.php\/wp-json\/wp\/v2\/posts"}],"about":[{"href":"https:\/\/ipatingafc.com.br\/index.php\/wp-json\/wp\/v2\/types\/post"}],"author":[{"embeddable":true,"href":"https:\/\/ipatingafc.com.br\/index.php\/wp-json\/wp\/v2\/users\/2"}],"replies":[{"embeddable":true,"href":"https:\/\/ipatingafc.com.br\/index.php\/wp-json\/wp\/v2\/comments?post=41130"}],"version-history":[{"count":0,"href":"https:\/\/ipatingafc.com.br\/index.php\/wp-json\/wp\/v2\/posts\/41130\/revisions"}],"wp:attachment":[{"href":"https:\/\/ipatingafc.com.br\/index.php\/wp-json\/wp\/v2\/media?parent=41130"}],"wp:term":[{"taxonomy":"category","embeddable":true,"href":"https:\/\/ipatingafc.com.br\/index.php\/wp-json\/wp\/v2\/categories?post=41130"},{"taxonomy":"post_tag","embeddable":true,"href":"https:\/\/ipatingafc.com.br\/index.php\/wp-json\/wp\/v2\/tags?post=41130"}],"curies":[{"name":"wp","href":"https:\/\/api.w.org\/{rel}","templated":true}]}}