{"id":41134,"date":"2026-04-08T19:07:40","date_gmt":"2026-04-08T22:07:40","guid":{"rendered":"https:\/\/ipatingafc.com.br\/index.php\/2026\/04\/08\/clima-esquenta-no-mais-voce-ana-maria-braga-rebate-cecilia-malan-ao-falar-de-samira\/"},"modified":"2026-04-08T19:07:40","modified_gmt":"2026-04-08T22:07:40","slug":"clima-esquenta-no-mais-voce-ana-maria-braga-rebate-cecilia-malan-ao-falar-de-samira","status":"publish","type":"post","link":"https:\/\/ipatingafc.com.br\/index.php\/2026\/04\/08\/clima-esquenta-no-mais-voce-ana-maria-braga-rebate-cecilia-malan-ao-falar-de-samira\/","title":{"rendered":"Clima esquenta no Mais Voc\u00ea; Ana Maria Braga rebate Cec\u00edlia Malan ao falar de Samira"},"content":{"rendered":"<p><\/p>\n<div wp_automatic_readability=\"101.22531525101\">\n<p>Clima esquenta no Mais Voc\u00ea: Ana Maria Braga rebate Cec\u00edlia Malan ao falar de Samira<\/p>\n<p>O clima ficou tenso ao vivo no Mais Voc\u00ea desta ter\u00e7a-feira (7), quando um debate sobre o Big Brother Brasil 26 acabou gerando um momento inesperado entre Ana Maria Braga e Cec\u00edlia Malan.<\/p>\n<p>O assunto principal era o Pared\u00e3o da semana e, especialmente, a situa\u00e7\u00e3o delicada de Samira dentro do reality. O que parecia ser apenas mais uma an\u00e1lise de jogo rapidamente evoluiu para um embate de opini\u00f5es.<\/p>\n<h2>\ud83c\udf99\ufe0f Debate come\u00e7a com an\u00e1lise do Pared\u00e3o<\/h2>\n<p>Durante o programa, Ana Maria Braga conduzia uma discuss\u00e3o sobre os poss\u00edveis desdobramentos do Pared\u00e3o, destacando a forte rejei\u00e7\u00e3o enfrentada por Samira fora da casa.<\/p>\n<p><strong>Tens\u00e3o no Big Brother Brasil 26; Leandro Rocha aperta bot\u00e3o de desist\u00eancia e gera preocupa\u00e7\u00e3o<\/strong><\/p>\n<p><strong>Atitude inesperada de Samira surpreende Tadeu Schmidt no palco do Big Brother Brasil 26<\/strong><\/p>\n<p>Na vis\u00e3o da apresentadora, um dos principais fatores para isso seria o comportamento emocional da sister, que frequentemente aparece chorando no confinamento.<\/p>\n<h2>\ud83d\udcac Cec\u00edlia Malan tenta defender Samira<\/h2>\n<p>Foi nesse momento que Cec\u00edlia Malan decidiu intervir. Buscando trazer um olhar mais emp\u00e1tico, a jornalista argumentou que o choro pode ser uma forma natural e at\u00e9 saud\u00e1vel de expressar sentimentos, tentando suavizar a interpreta\u00e7\u00e3o negativa sobre a participante.<\/p>\n<p>A fala trouxe uma nova perspectiva ao debate, sugerindo que a exposi\u00e7\u00e3o emocional dentro do reality tamb\u00e9m pode ser compreendida como algo humano diante da press\u00e3o do jogo.<\/p>\n<h2>\u26a0\ufe0f Resposta imediata e direta<\/h2>\n<p>No entanto, a tentativa de defesa n\u00e3o convenceu Ana Maria Braga. Sem hesitar, a apresentadora retomou a palavra e rebateu a opini\u00e3o de forma firme e direta.<\/p>\n<p><strong>Tatuagem de Sasha Meneghel em homenagem ao pai emociona<\/strong><\/p>\n<p><strong>BBB26; enquete atualizada indica elimina\u00e7\u00e3o surpreendente \u2014 quem sai no Pared\u00e3o?<\/strong><\/p>\n<p>Segundo ela, o comportamento de Samira teria ultrapassado o limite do razo\u00e1vel dentro do contexto do programa. Em tom enf\u00e1tico, Ana Maria destacou:<\/p>\n<blockquote wp_automatic_readability=\"11\">\n<p>\u201cN\u00e3o, mas ela chora o tempo todo! Se ela t\u00e1 feliz, ela chora. Se ela t\u00e1 triste, ela chora. Se falam dela, ela chora. Se n\u00e3o falam, ela chora\u2026 Ela chora!\u201d<\/p>\n<\/blockquote>\n<p>A resposta surpreendeu pela sinceridade e pelo tom incisivo ao vivo.<\/p>\n<h2>\ud83d\udcfa Momento repercute entre f\u00e3s do reality<\/h2>\n<p>O embate rapidamente repercutiu entre os telespectadores e f\u00e3s do programa, que acompanham de perto cada an\u00e1lise sobre o BBB26. Situa\u00e7\u00f5es como essa mostram como o reality ultrapassa os limites da casa e gera discuss\u00f5es tamb\u00e9m fora dela.<\/p>\n<p>Al\u00e9m disso, o momento evidenciou diferentes formas de interpretar o comportamento dos participantes \u2014 enquanto alguns enxergam fragilidade, outros veem apenas uma rea\u00e7\u00e3o humana diante da press\u00e3o.<\/p>\n<h2>\ud83d\udd0d Comportamento vira fator decisivo no jogo<\/h2>\n<p>A discuss\u00e3o refor\u00e7a um ponto importante no Big Brother Brasil: atitudes e comportamentos podem impactar diretamente a percep\u00e7\u00e3o do p\u00fablico.<\/p>\n<p>Em um jogo onde a vota\u00e7\u00e3o popular decide o destino dos participantes, cada detalhe \u2014 inclusive a forma de reagir emocionalmente \u2014 pode influenciar o resultado.<\/p>\n<h2>\ud83c\udfaf Expectativa para o resultado<\/h2>\n<p>Com opini\u00f5es divididas at\u00e9 mesmo fora da casa, o destino de Samira no reality se torna ainda mais incerto. A repercuss\u00e3o do caso mostra como o p\u00fablico est\u00e1 atento e engajado, analisando cada movimento dos confinados.<\/p>\n<p>E, como ficou claro no debate ao vivo, nem mesmo entre os comentaristas h\u00e1 consenso quando o assunto \u00e9 o comportamento da sister.<\/p>\n<hr>\n<h2>\ud83c\udff7\ufe0f Tags<\/h2>\n<p>bbb26, ana maria braga, cecilia malan, samira bbb, mais voc\u00ea, tv globo, pared\u00e3o bbb, reality show, entretenimento, pol\u00eamica tv<\/p>\n<p><!-- CONTENT END 2 --><\/p><\/div>\n","protected":false},"excerpt":{"rendered":"<p>Clima esquenta no Mais Voc\u00ea: Ana Maria Braga rebate Cec\u00edlia Malan ao falar de Samira&#8230;<\/p>\n","protected":false},"author":2,"featured_media":0,"comment_status":"","ping_status":"","sticky":false,"template":"","format":"standard","meta":{"footnotes":""},"categories":[2],"tags":[],"class_list":["post-41134","post","type-post","status-publish","format-standard","hentry","category-jogos-ao-vivo"],"amp_enabled":true,"_links":{"self":[{"href":"https:\/\/ipatingafc.com.br\/index.php\/wp-json\/wp\/v2\/posts\/41134","targetHints":{"allow":["GET"]}}],"collection":[{"href":"https:\/\/ipatingafc.com.br\/index.php\/wp-json\/wp\/v2\/posts"}],"about":[{"href":"https:\/\/ipatingafc.com.br\/index.php\/wp-json\/wp\/v2\/types\/post"}],"author":[{"embeddable":true,"href":"https:\/\/ipatingafc.com.br\/index.php\/wp-json\/wp\/v2\/users\/2"}],"replies":[{"embeddable":true,"href":"https:\/\/ipatingafc.com.br\/index.php\/wp-json\/wp\/v2\/comments?post=41134"}],"version-history":[{"count":0,"href":"https:\/\/ipatingafc.com.br\/index.php\/wp-json\/wp\/v2\/posts\/41134\/revisions"}],"wp:attachment":[{"href":"https:\/\/ipatingafc.com.br\/index.php\/wp-json\/wp\/v2\/media?parent=41134"}],"wp:term":[{"taxonomy":"category","embeddable":true,"href":"https:\/\/ipatingafc.com.br\/index.php\/wp-json\/wp\/v2\/categories?post=41134"},{"taxonomy":"post_tag","embeddable":true,"href":"https:\/\/ipatingafc.com.br\/index.php\/wp-json\/wp\/v2\/tags?post=41134"}],"curies":[{"name":"wp","href":"https:\/\/api.w.org\/{rel}","templated":true}]}}