{"id":41325,"date":"2026-04-11T18:47:58","date_gmt":"2026-04-11T21:47:58","guid":{"rendered":"https:\/\/ipatingafc.com.br\/index.php\/2026\/04\/11\/ipea-faz-pesquisa-para-combater-desinformacao-sobre-politicas-publicas\/"},"modified":"2026-04-11T18:47:58","modified_gmt":"2026-04-11T21:47:58","slug":"ipea-faz-pesquisa-para-combater-desinformacao-sobre-politicas-publicas","status":"publish","type":"post","link":"https:\/\/ipatingafc.com.br\/index.php\/2026\/04\/11\/ipea-faz-pesquisa-para-combater-desinformacao-sobre-politicas-publicas\/","title":{"rendered":"Ipea faz pesquisa para combater desinforma\u00e7\u00e3o sobre pol\u00edticas p\u00fablicas"},"content":{"rendered":"<p><\/p>\n<div wp_automatic_readability=\"38.096479791395\">\n<p>Servidores p\u00fablicos que ocupam cargo em comiss\u00e3o ou fun\u00e7\u00e3o de confian\u00e7a da administra\u00e7\u00e3o p\u00fablica federal devem participar de <strong>pesquisa in\u00e9dita sobre os efeitos das campanhas de desinforma\u00e7\u00e3o na internet contra pol\u00edticas p\u00fablicas.<\/strong><\/p>\n<p>A iniciativa \u00e9 do Instituto de Pesquisa Econ\u00f4mica Aplicada (Ipea). Os servidores que comp\u00f5em o universo do estudo receberam, no come\u00e7o de abril, pelo aplicativo SouGov, convite para participar do estudo.<\/p>\n<p><strong>As respostas ser\u00e3o aceitas at\u00e9 o dia 2 de junho<\/strong>. O preenchimento do question\u00e1rio\u00a0leva cerca de 15 minutos. A pesquisa \u00e9\u00a0an\u00f4nima e confidencial, sem coleta de dados pessoais, e est\u00e1 de acordo com a Lei Geral de Prote\u00e7\u00e3o de Dados e com a Resolu\u00e7\u00e3o n\u00ba 510 do Conselho Nacional de Sa\u00fade para levantamentos em ci\u00eancias humanas e sociais.<\/p>\n<p><strong>Negocia\u00e7\u00f5es entre EUA e Ir\u00e3 entram em \u201cfase t\u00e9cnica\u201d<\/strong><\/p>\n<p><strong>Nubank Ultravioleta perde exclusividade? Cart\u00e3o agora \u00e9 de pl\u00e1stico e gera cr\u00edticas entre clientes<\/strong><\/p>\n<h2>Al\u00e9m do debate eleitoral<\/h2>\n<p>Divulga\u00e7\u00e3o do Ipea explica que o interesse sobre o tema se deve ao fato que \u201ca desinforma\u00e7\u00e3o deixou de ser um fen\u00f4meno restrito ao debate eleitoral ou \u00e0s redes sociais e passou a impactar diretamente a formula\u00e7\u00e3o, a implementa\u00e7\u00e3o e a legitimidade das pol\u00edticas p\u00fablicas\u201d.<\/p>\n<p><strong>De acordo com o instituto, a pesquisa Desinforma\u00e7\u00e3o e Pol\u00edticas P\u00fablicas tem os seguintes\u00a0prop\u00f3sitos:<\/strong><\/p>\n<ul>\n<li>mapear como servidores e gestores p\u00fablicos percebem, vivenciam e lidam com epis\u00f3dios de desinforma\u00e7\u00e3o no cotidiano institucional, bem como os impactos desse fen\u00f4meno sobre os processos de formula\u00e7\u00e3o, implementa\u00e7\u00e3o e avalia\u00e7\u00e3o de pol\u00edticas p\u00fablicas;<\/li>\n<li>conhecer efeitos sobre a exposi\u00e7\u00e3o a informa\u00e7\u00f5es imprecisas ou enganosas, e as estrat\u00e9gias existentes (ou ausentes) de enfrentamento \u00e0 desinforma\u00e7\u00e3o no \u00e2mbito dos \u00f3rg\u00e3os federais;<\/li>\n<li>avaliar a gravidade da desinforma\u00e7\u00e3o para a sociedade e para as pol\u00edticas p\u00fablicas e os impactos da desinforma\u00e7\u00e3o sobre decis\u00f5es, comunica\u00e7\u00e3o e implementa\u00e7\u00e3o de pol\u00edticas.<\/li>\n<\/ul>\n<p><strong>O relat\u00f3rio final dever\u00e1 ser apresentado em novembro, ap\u00f3s o per\u00edodo eleitoral.<\/strong><\/p>\n<p><strong>Hungria tem elei\u00e7\u00f5es neste domingo e Orb\u00e1n pode deixar o poder<\/strong><\/p>\n<p><strong>BBB26; ap\u00f3s ocorrido, decis\u00e3o \u00e9 tomada e Jordana se d\u00e1 mal na reta final do programa<\/strong><\/p>\n<\/div>\n","protected":false},"excerpt":{"rendered":"<p>Servidores p\u00fablicos que ocupam cargo em comiss\u00e3o ou fun\u00e7\u00e3o de confian\u00e7a da administra\u00e7\u00e3o p\u00fablica federal&#8230;<\/p>\n","protected":false},"author":2,"featured_media":0,"comment_status":"","ping_status":"","sticky":false,"template":"","format":"standard","meta":{"footnotes":""},"categories":[2],"tags":[],"class_list":["post-41325","post","type-post","status-publish","format-standard","hentry","category-jogos-ao-vivo"],"amp_enabled":true,"_links":{"self":[{"href":"https:\/\/ipatingafc.com.br\/index.php\/wp-json\/wp\/v2\/posts\/41325","targetHints":{"allow":["GET"]}}],"collection":[{"href":"https:\/\/ipatingafc.com.br\/index.php\/wp-json\/wp\/v2\/posts"}],"about":[{"href":"https:\/\/ipatingafc.com.br\/index.php\/wp-json\/wp\/v2\/types\/post"}],"author":[{"embeddable":true,"href":"https:\/\/ipatingafc.com.br\/index.php\/wp-json\/wp\/v2\/users\/2"}],"replies":[{"embeddable":true,"href":"https:\/\/ipatingafc.com.br\/index.php\/wp-json\/wp\/v2\/comments?post=41325"}],"version-history":[{"count":0,"href":"https:\/\/ipatingafc.com.br\/index.php\/wp-json\/wp\/v2\/posts\/41325\/revisions"}],"wp:attachment":[{"href":"https:\/\/ipatingafc.com.br\/index.php\/wp-json\/wp\/v2\/media?parent=41325"}],"wp:term":[{"taxonomy":"category","embeddable":true,"href":"https:\/\/ipatingafc.com.br\/index.php\/wp-json\/wp\/v2\/categories?post=41325"},{"taxonomy":"post_tag","embeddable":true,"href":"https:\/\/ipatingafc.com.br\/index.php\/wp-json\/wp\/v2\/tags?post=41325"}],"curies":[{"name":"wp","href":"https:\/\/api.w.org\/{rel}","templated":true}]}}