{"id":41410,"date":"2026-04-13T09:35:42","date_gmt":"2026-04-13T12:35:42","guid":{"rendered":"https:\/\/ipatingafc.com.br\/index.php\/2026\/04\/13\/agencia-minas-gerais-programa-caminhos-pra-avancar-completa-quatro-anos-com-r-673-bilhoes-investidos\/"},"modified":"2026-04-13T09:35:42","modified_gmt":"2026-04-13T12:35:42","slug":"agencia-minas-gerais-programa-caminhos-pra-avancar-completa-quatro-anos-com-r-673-bilhoes-investidos","status":"publish","type":"post","link":"https:\/\/ipatingafc.com.br\/index.php\/2026\/04\/13\/agencia-minas-gerais-programa-caminhos-pra-avancar-completa-quatro-anos-com-r-673-bilhoes-investidos\/","title":{"rendered":"Ag\u00eancia Minas Gerais | Programa Caminhos pra Avan\u00e7ar completa quatro anos com R$ 6,73 bilh\u00f5es investidos"},"content":{"rendered":"<p><\/p>\n<div>\n<section class=\"news-related \/ col-md-4 col-lg-3 \/ margin-md-bottom-2 margin-left-1 \/ pull-right \/ hidden-xs hidden-sm\">\n<header>\n<p class=\"text-title-section \/ margin-bottom-1\">Relacionadas<\/p>\n<\/header>\n<p>\t\t\t\t\t\t\t<main><\/p>\n<hr class=\"row margin-md-bottom-2\"\/>\n\t\t\t\t\t\t\t<\/main><br \/>\n\t\t\t\t\t\t<\/section>\n<p>Criado em abril de 2022, o Programa Caminhos pra Avan\u00e7ar consolida-se como a principal iniciativa de infraestrutura rodovi\u00e1ria do Governo de Minas ao completar quatro anos com resultados expressivos. Ao todo, j\u00e1 s\u00e3o 175 empreendimentos distribu\u00eddos por todas as regi\u00f5es do estado, somando 4,73 mil quil\u00f4metros de rodovias contempladas e investimentos de R$ 6,73 bilh\u00f5es. Deste total, 101 obras j\u00e1 foram conclu\u00eddas.\u00a0<\/p>\n<p dir=\"ltr\">A iniciativa tem como foco a pavimenta\u00e7\u00e3o de trechos ainda n\u00e3o asfaltados, a recupera\u00e7\u00e3o funcional de rodovias e a constru\u00e7\u00e3o de pontes, promovendo melhorias estruturais que impactam diretamente a mobilidade, a seguran\u00e7a vi\u00e1ria e o desenvolvimento econ\u00f4mico.\u00a0<\/p>\n<p dir=\"ltr\">\u201cO Caminhos pra Avan\u00e7ar tem papel estrat\u00e9gico ao impulsionar o desenvolvimento econ\u00f4mico e social, melhorar a infraestrutura e fortalecer cadeias produtivas e o turismo. Estamos promovendo uma transforma\u00e7\u00e3o na malha rodovi\u00e1ria mineira, integrando regi\u00f5es, reduzindo desigualdades e garantindo mais seguran\u00e7a, qualidade de vida e oportunidades para todos os mineiros\u201d, destacou o governador Mateus Sim\u00f5es.\u00a0<\/p>\n<p dir=\"ltr\"><strong>Expans\u00e3o e alcance\u00a0<\/strong><\/p>\n<p dir=\"ltr\">Quando foi lan\u00e7ado, o programa previa interven\u00e7\u00f5es em 99 trechos rodovi\u00e1rios. Quatro anos depois, esse n\u00famero saltou para 175, um crescimento de 77% na quantidade de segmentos atendidos, reflexo do fortalecimento do planejamento e da prioriza\u00e7\u00e3o de obras estrat\u00e9gicas para a integra\u00e7\u00e3o regional.\u00a0<\/p>\n<p dir=\"ltr\">O balan\u00e7o mais recente, mostra 101 empreendimentos conclu\u00eddos, totalizando 3.160 quil\u00f4metros de rodovias entregues \u00e0 popula\u00e7\u00e3o, com investimento de R$ 2,91 bilh\u00f5es. As melhorias ampliaram a seguran\u00e7a vi\u00e1ria, facilitaram o escoamento da produ\u00e7\u00e3o e melhoraram o acesso entre munic\u00edpios.\u00a0<\/p>\n<p dir=\"ltr\">Segundo o diretor-geral do DER-MG, Matheus Novais, o programa representa um marco para a infraestrutura estadual.\u00a0<\/p>\n<p dir=\"ltr\">\u201cO Caminhos pra Avan\u00e7ar \u00e9 resultado de um planejamento consistente e de uma gest\u00e3o comprometida com resultados. Estamos levando infraestrutura de qualidade para todas as regi\u00f5es de Minas, garantindo mais seguran\u00e7a nas estradas e melhores condi\u00e7\u00f5es para o desenvolvimento econ\u00f4mico\u201d, afirmou.<\/p>\n<p dir=\"ltr\"><strong>Obras em andamento e novos projetos<\/strong><\/p>\n<p dir=\"ltr\">Atualmente, o programa conta com 44 obras em execu\u00e7\u00e3o, abrangendo cerca de 980 quil\u00f4metros de rodovias e investimentos de R$ 2,52 bilh\u00f5es. Al\u00e9m disso, outras 30 interven\u00e7\u00f5es est\u00e3o previstas para os pr\u00f3ximos anos, somando 582 quil\u00f4metros e recursos estimados em R$ 1,31 bilh\u00e3o.<\/p>\n<p dir=\"ltr\"><strong>Gera\u00e7\u00e3o de empregos<\/strong><\/p>\n<p dir=\"ltr\">Al\u00e9m dos impactos diretos na infraestrutura, o programa tamb\u00e9m se destaca pela gera\u00e7\u00e3o de empregos. Ao longo dos quatro anos, foram criados cerca de 83,84 mil postos de trabalho diretos e indiretos, contribuindo para o fortalecimento da economia e o aumento da renda em diversas regi\u00f5es mineiras.<\/p>\n<p dir=\"ltr\"><strong>A voz de quem vive a transforma\u00e7\u00e3o<\/strong><\/p>\n<p dir=\"ltr\">Moradores e empreendedores j\u00e1 percebem, na pr\u00e1tica, os impactos das melhorias nas rodovias.<\/p>\n<p dir=\"ltr\">O empreendedor Gabriel Oliveira, de Monte Verde, destaca os reflexos diretos no com\u00e9rcio e no turismo da regi\u00e3o com as melhorias na LMG- 886, que liga o distrito a Camanducaia. Ele afirma que, antes, muitos fornecedores evitavam o acesso devido \u00e0s condi\u00e7\u00f5es da estrada.<\/p>\n<p dir=\"ltr\">\u201cHoje a situa\u00e7\u00e3o \u00e9 completamente diferente. Fornecedores que n\u00e3o vinham agora chegam com mais facilidade, trazendo produtos e novidades. Isso fortalece o com\u00e9rcio local\u201d, explica.<\/p>\n<p dir=\"ltr\">Gabriel tamb\u00e9m ressalta o aumento no fluxo de visitantes. \u201cAntes, pouca gente vinha por causa da estrada. Agora recebemos turistas de v\u00e1rias regi\u00f5es e at\u00e9 de fora do pa\u00eds. A expectativa \u00e9 de crescimento ainda maior nos pr\u00f3ximos anos\u201d.<\/p>\n<p dir=\"ltr\">J\u00e1 o aposentado Judete Souza\u00a0destaca a melhoria na qualidade de vida com a pavimenta\u00e7\u00e3o da rodovia MG-295, entre Consola\u00e7\u00e3o e Cambu\u00ed. \u201cAntes era barro e poeira o tempo todo. A gente n\u00e3o aguentava. Hoje est\u00e1 bom demais, a estrada melhorou muito\u201d, relata.<\/p>\n<p dir=\"ltr\">Ele tamb\u00e9m enfatiza o ganho em conforto nas viagens: \u201cAgora est\u00e1 muito mais tranquilo ir at\u00e9 a cidade. Ficou bom demais\u201d.<\/p>\n<\/p><\/div>\n","protected":false},"excerpt":{"rendered":"<p>Relacionadas Criado em abril de 2022, o Programa Caminhos pra Avan\u00e7ar consolida-se como a principal&#8230;<\/p>\n","protected":false},"author":2,"featured_media":0,"comment_status":"","ping_status":"","sticky":false,"template":"","format":"standard","meta":{"footnotes":""},"categories":[2],"tags":[],"class_list":["post-41410","post","type-post","status-publish","format-standard","hentry","category-jogos-ao-vivo"],"amp_enabled":true,"_links":{"self":[{"href":"https:\/\/ipatingafc.com.br\/index.php\/wp-json\/wp\/v2\/posts\/41410","targetHints":{"allow":["GET"]}}],"collection":[{"href":"https:\/\/ipatingafc.com.br\/index.php\/wp-json\/wp\/v2\/posts"}],"about":[{"href":"https:\/\/ipatingafc.com.br\/index.php\/wp-json\/wp\/v2\/types\/post"}],"author":[{"embeddable":true,"href":"https:\/\/ipatingafc.com.br\/index.php\/wp-json\/wp\/v2\/users\/2"}],"replies":[{"embeddable":true,"href":"https:\/\/ipatingafc.com.br\/index.php\/wp-json\/wp\/v2\/comments?post=41410"}],"version-history":[{"count":0,"href":"https:\/\/ipatingafc.com.br\/index.php\/wp-json\/wp\/v2\/posts\/41410\/revisions"}],"wp:attachment":[{"href":"https:\/\/ipatingafc.com.br\/index.php\/wp-json\/wp\/v2\/media?parent=41410"}],"wp:term":[{"taxonomy":"category","embeddable":true,"href":"https:\/\/ipatingafc.com.br\/index.php\/wp-json\/wp\/v2\/categories?post=41410"},{"taxonomy":"post_tag","embeddable":true,"href":"https:\/\/ipatingafc.com.br\/index.php\/wp-json\/wp\/v2\/tags?post=41410"}],"curies":[{"name":"wp","href":"https:\/\/api.w.org\/{rel}","templated":true}]}}