{"id":41436,"date":"2026-04-13T18:42:39","date_gmt":"2026-04-13T21:42:39","guid":{"rendered":"https:\/\/ipatingafc.com.br\/index.php\/2026\/04\/13\/lula-lidera-comitiva-a-europa-para-encontros-politicos-e-comerciais\/"},"modified":"2026-04-13T18:42:39","modified_gmt":"2026-04-13T21:42:39","slug":"lula-lidera-comitiva-a-europa-para-encontros-politicos-e-comerciais","status":"publish","type":"post","link":"https:\/\/ipatingafc.com.br\/index.php\/2026\/04\/13\/lula-lidera-comitiva-a-europa-para-encontros-politicos-e-comerciais\/","title":{"rendered":"Lula lidera comitiva \u00e0 Europa para encontros pol\u00edticos e comerciais"},"content":{"rendered":"<p><\/p>\n<div wp_automatic_readability=\"137.82929642445\">\n<p><strong>Com embarque previsto para a pr\u00f3xima quinta-feira (16), o\u00a0presidente Luiz In\u00e1cio Lula da Silva visitar\u00e1\u00a0Espanha, Alemanha e Portugal.<\/strong> Entre os objetivos da viagem, est\u00e1\u00a0ampliar apoio \u00e0 candidatura de Michelle Bachelet ao cargo de Secret\u00e1ria-Geral das Na\u00e7\u00f5es Unidas.<\/p>\n<p>De acordo com a assessora especial do Itamaraty, embaixadora Vanessa Dolce de Faria,<strong> a comitiva contar\u00e1 com 15 ministros, al\u00e9m de presidentes de \u00f3rg\u00e3os como Banco Nacional do Desenvolvimento Econ\u00f4mico e Social (BNDES), da Funda\u00e7\u00e3o Oswaldo Cruz e da Ag\u00eancia Brasileira de Promo\u00e7\u00e3o de Exporta\u00e7\u00f5es e Investimentos (Apex-Brasil).<\/strong><\/p>\n<p>O primeiro destino ser\u00e1 Barcelona, na Espanha, dias 17 e 18 de abril, a convite do presidente espanhol, Pedro S\u00e1nchez. Na sequ\u00eancia,\u00a0Alemanh\u00e3, nos dias 19 e 20, onde participar\u00e1 da Hannover Messe \u2013 a maior feira de inova\u00e7\u00e3o e tecnologia industrial do mundo.<\/p>\n<p><strong>BB concede cr\u00e9dito para participa\u00e7\u00e3o de SP no t\u00fanel Santos-Guaruj\u00e1<\/strong><\/p>\n<p><strong>Pris\u00e3o de Ramagem \u00e9 fruto da coopera\u00e7\u00e3o entre Brasil e EUA, diz PF<\/strong><\/p>\n<p>A viagem se encerrar\u00e1 dia 21, com uma r\u00e1pida visita de Estado a Portugal.<\/p>\n<p>&gt;&gt; Siga o canal da <strong>Ag\u00eancia Brasil <\/strong>no WhatsApp<\/p>\n<h2>Espanha<\/h2>\n<p><strong>Lula chegar\u00e1 a Barcelona na noite do dia 16, para participar, ao longo do dia 17, da 1\u00aa C\u00fapula Brasil-Espanha, no Pal\u00e1cio de Pedralbes. Ele ser\u00e1 recepcionado pelo primeiro-ministro da Espanha, Pedro S\u00e1nchez, com quem ter\u00e1 se reunir\u00e1.<\/strong><\/p>\n<p>Secret\u00e1rio de Europa e Am\u00e9rica do Norte, o embaixador Roberto Abdalla adianta que as expectativas s\u00e3o de que, durante a c\u00fapula,\u00a0as converg\u00eancias entre Brasil e Espanha sejam ampliadas\u00a0em temas como multilateralismo, direito internacional e solu\u00e7\u00e3o pac\u00edfica de conflitos.<\/p>\n<p><strong>Olimp\u00edada de Professores de Matem\u00e1tica abre as inscri\u00e7\u00f5es<\/strong><\/p>\n<p><strong>At\u00e9 16 pontos por real; promo\u00e7\u00e3o da Azul com Casas Bahia pode turbinar suas milhas<\/strong><\/p>\n<p>Por volta do meio-dia, o presidente brasileiro participar\u00e1 de uma reuni\u00e3o plen\u00e1ria com ministros dos dois pa\u00edses. Em, seguida, uma\u00a0s\u00e9rie de atos ser\u00e1\u00a0assinada e, na sequ\u00eancia, ser\u00e1 feita\u00a0declara\u00e7\u00e3o conjunta \u00e0 imprensa.<\/p>\n<p>\u00c0 noite, Lula participar\u00e1 de um jantar oferecido pelo presidente espanhol aos l\u00edderes do F\u00f3rum de Defesa da Democracia \u2013 que ter\u00e1, na Catalunha, sua 4\u00aa reuni\u00e3o de Alto N\u00edvel.<\/p>\n<p>A reuni\u00e3o ter\u00e1 como foco\u00a0quest\u00f5es relacionadas a multilateralismo, o que inclui a sucess\u00e3o da Secretaria Geral da ONU; desigualdades, com o Brasil defendendo incluir\u00a0na declara\u00e7\u00e3o final aspectos relacionados \u00e0 viol\u00eancia pol\u00edtica e digital de g\u00eanero; e combate \u00e0 desinforma\u00e7\u00e3o.<\/p>\n<p><strong>De acordo com a embaixadora Vanessa de Faria, a expectativa \u00e9 de que a viagem \u00e0 Espanha \u201ccoroe um processo de aproxima\u00e7\u00e3o [entre os dois pa\u00edses] iniciado em 2023\u201d, com atos e acordos visando avan\u00e7os em \u00e1reas como igualdade de g\u00eanero, economia social solid\u00e1ria, sa\u00fade, cultura, empreendedorismo, servi\u00e7os a\u00e9reos, telecomunica\u00e7\u00f5es, ci\u00eancia e tecnologia.<\/strong><\/p>\n<h2>Alemanha<\/h2>\n<p>Lula embarcar\u00e1 para a Alemanha na manh\u00e3 do dia 19, onde ficar\u00e1 at\u00e9 o dia 20. Em\u00a0Hannover,\u00a0ter\u00e1 uma reuni\u00e3o privada com o chanceler alem\u00e3o Friedrich Merz.<\/p>\n<p>No dia 20, Lula participar\u00e1, a partir das 8h, da abertura oficial da feira Hannover Messe 2026, onde abrir\u00e1 o estande do Brasil.<\/p>\n<p>O presidente brasileiro participar\u00e1 tamb\u00e9m de encontro com empres\u00e1rios e de uma comiss\u00e3o mista envolvendo autoridades ministeriais do Brasil e da Alemanha, segundo informou o chefe da Divis\u00e3o de Programas de Promo\u00e7\u00e3o Comercial e Investimentos do Minist\u00e9rio das Rela\u00e7\u00f5es Exteriores, Carlos Henrique Moscardo.<\/p>\n<p><strong>A expectativa da diplomacia brasileira \u00e9 de que, ao final da visita \u00e0 Alemanha, sejam assinados 10 acordos envolvendo os dois pa\u00edses.<\/strong><\/p>\n<p><strong>Os acordos abrangem temas como defesa, mudan\u00e7as clim\u00e1ticas, infraestrutura, intelig\u00eancia artificial, inova\u00e7\u00f5es energ\u00e9ticas, bioeconomia, desenvolvimento sustent\u00e1vel, desenvolvimento de aplicativos e pesquisas nas \u00e1reas oce\u00e2nicas e do cerrado brasileiro.<\/strong><\/p>\n<h2>Portugal<\/h2>\n<p>Lula deixa Hannover na manh\u00e3 do dia 21, com destino a Lisboa. A visita se inicia com um encontro com o primeiro-ministro portugu\u00eas, Lu\u00eds Montenegro, no Pal\u00e1cio de S\u00e3o Bento.<\/p>\n<p>Depois, no Pal\u00e1cio de Bel\u00e9m, Lula se encontrar\u00e1 com o presidente de Portugal, Ant\u00f3nio Jos\u00e9 Seguro.<\/p>\n<p>Ap\u00f3s os dois encontros, o presidente brasileiro retornar\u00e1 a Bras\u00edlia.<\/p>\n<\/div>\n","protected":false},"excerpt":{"rendered":"<p>Com embarque previsto para a pr\u00f3xima quinta-feira (16), o\u00a0presidente Luiz In\u00e1cio Lula da Silva visitar\u00e1\u00a0Espanha,&#8230;<\/p>\n","protected":false},"author":2,"featured_media":0,"comment_status":"","ping_status":"","sticky":false,"template":"","format":"standard","meta":{"footnotes":""},"categories":[2],"tags":[],"class_list":["post-41436","post","type-post","status-publish","format-standard","hentry","category-jogos-ao-vivo"],"amp_enabled":true,"_links":{"self":[{"href":"https:\/\/ipatingafc.com.br\/index.php\/wp-json\/wp\/v2\/posts\/41436","targetHints":{"allow":["GET"]}}],"collection":[{"href":"https:\/\/ipatingafc.com.br\/index.php\/wp-json\/wp\/v2\/posts"}],"about":[{"href":"https:\/\/ipatingafc.com.br\/index.php\/wp-json\/wp\/v2\/types\/post"}],"author":[{"embeddable":true,"href":"https:\/\/ipatingafc.com.br\/index.php\/wp-json\/wp\/v2\/users\/2"}],"replies":[{"embeddable":true,"href":"https:\/\/ipatingafc.com.br\/index.php\/wp-json\/wp\/v2\/comments?post=41436"}],"version-history":[{"count":0,"href":"https:\/\/ipatingafc.com.br\/index.php\/wp-json\/wp\/v2\/posts\/41436\/revisions"}],"wp:attachment":[{"href":"https:\/\/ipatingafc.com.br\/index.php\/wp-json\/wp\/v2\/media?parent=41436"}],"wp:term":[{"taxonomy":"category","embeddable":true,"href":"https:\/\/ipatingafc.com.br\/index.php\/wp-json\/wp\/v2\/categories?post=41436"},{"taxonomy":"post_tag","embeddable":true,"href":"https:\/\/ipatingafc.com.br\/index.php\/wp-json\/wp\/v2\/tags?post=41436"}],"curies":[{"name":"wp","href":"https:\/\/api.w.org\/{rel}","templated":true}]}}