{"id":41438,"date":"2026-04-13T19:23:42","date_gmt":"2026-04-13T22:23:42","guid":{"rendered":"https:\/\/ipatingafc.com.br\/index.php\/2026\/04\/13\/campanha-vai-aplicar-89-mil-doses-de-vacinas-em-territorios-indigenas\/"},"modified":"2026-04-13T19:23:42","modified_gmt":"2026-04-13T22:23:42","slug":"campanha-vai-aplicar-89-mil-doses-de-vacinas-em-territorios-indigenas","status":"publish","type":"post","link":"https:\/\/ipatingafc.com.br\/index.php\/2026\/04\/13\/campanha-vai-aplicar-89-mil-doses-de-vacinas-em-territorios-indigenas\/","title":{"rendered":"Campanha vai aplicar 89 mil doses de vacinas em territ\u00f3rios ind\u00edgenas"},"content":{"rendered":"<p><\/p>\n<div wp_automatic_readability=\"53.508788332087\">\n<p><strong>O Minist\u00e9rio da Sa\u00fade espera aplicar mais de\u00a089 mil doses de vacinas em 650 aldeias ind\u00edgenas entre\u00a025 de abril a 25 de maio de 2026. Neste per\u00edodo, ser\u00e1 realizado o\u00a0M\u00eas de Vacina\u00e7\u00e3o dos Povos Ind\u00edgenas (MVPI) para 2026, com o objetivo de ampliar o acesso \u00e0 imuniza\u00e7\u00e3o em territ\u00f3rios ind\u00edgenas, especialmente em \u00e1reas de dif\u00edcil acesso. O an\u00fancio foi feito nesta segunda-feira pela pasta.\u00a0<\/strong><\/p>\n<p>No ano passado, foram aplicadas mais de 70 mil doses, alcan\u00e7ando 57 mil ind\u00edgenas. A campanha de 2026 foi anunciada pela secret\u00e1ria de Sa\u00fade Ind\u00edgena, Lucinha Trememb\u00e9, na aldeia Bar\u00e3o do Rio Branco, localizada em M\u00e2ncio Lima (AC). O munic\u00edpio conta tr\u00eas etnias (Puyanawa, Nukini e Nawa), somando cerca de 2 mil ind\u00edgenas.<\/p>\n<p>De acordo com a secret\u00e1ria, iniciar a mobiliza\u00e7\u00e3o em um territ\u00f3rio com desafios hist\u00f3ricos de acesso \u00e9 uma decis\u00e3o estrat\u00e9gica e necess\u00e1ria.<\/p>\n<p><strong>Lula lidera comitiva \u00e0 Europa para encontros pol\u00edticos e comerciais<\/strong><\/p>\n<p><strong>BB concede cr\u00e9dito para participa\u00e7\u00e3o de SP no t\u00fanel Santos-Guaruj\u00e1<\/strong><\/p>\n<blockquote wp_automatic_readability=\"10\">\n<p>\u201cNosso objetivo \u00e9 ampliar a cobertura vacinal justamente em locais de baixa cobertura, garantindo que a informa\u00e7\u00e3o chegue de forma clara e respeitosa, e que a popula\u00e7\u00e3o compreenda a import\u00e2ncia da imuniza\u00e7\u00e3o para a prote\u00e7\u00e3o individual e coletiva\u201d, disse.<\/p>\n<\/blockquote>\n<div class=\"dnd-widget-wrapper context-cheio_8colunas type-image\" wp_automatic_readability=\"7\">\n<div class=\"dnd-caption-wrapper\" wp_automatic_readability=\"9\">\n<p>O Minist\u00e9rio da Sa\u00fade, anunciou o M\u00eas de Vacina\u00e7\u00e3o dos Povos Ind\u00edgenas (MVPI) para 2026.\u00a0 Foto: F\u00e1bio Maciel\/MS<\/p>\n<\/div>\n<\/div>\n<p>Durante o MVPI, ser\u00e3o ofertados todos os imunobiol\u00f3gicos previstos no Calend\u00e1rio Nacional de Vacina\u00e7\u00e3o: Hepatite A; Hepatite B; BCG; Penta (DTP\/Hib\/Hep B); Pneumoc\u00f3cica 10-valente; Pneumoc\u00f3cica 23-valente (Pneumo 23); VIP (Vacina Inativada Poliomielite); VRH (Vacina Rotav\u00edrus Humano); Meningoc\u00f3cica C (conjugada); Meningoc\u00f3cica ACWY (conjugada); Febre amarela; Tr\u00edplice viral (sarampo, rub\u00e9ola e caxumba); Tetraviral (sarampo, rub\u00e9ola, caxumba e varicela); Varicela (monovalente); DTP (tr\u00edplice bacteriana); dTpa; HPV quadrivalente (papilomav\u00edrus humano); Influenza; e Covid-19.<\/p>\n<p><strong>Pris\u00e3o de Ramagem \u00e9 fruto da coopera\u00e7\u00e3o entre Brasil e EUA, diz PF<\/strong><\/p>\n<p><strong>Olimp\u00edada de Professores de Matem\u00e1tica abre as inscri\u00e7\u00f5es<\/strong><\/p>\n<p>&gt;&gt; Siga o canal da <strong>Ag\u00eancia Brasil <\/strong>no WhatsApp<\/p>\n<p>A iniciativa \u00e9 realizada desde 2010 e est\u00e1 integrada \u00e0 24\u00aa Semana de Vacina\u00e7\u00e3o nas Am\u00e9ricas e \u00e0 15\u00aa Semana Mundial de Imuniza\u00e7\u00e3o, que iniciam no dia 25 e seguem at\u00e9 2 de maio. Coordenada pela Secretaria de Sa\u00fade Ind\u00edgena (Sesai), a campanha refor\u00e7a a prote\u00e7\u00e3o contra doen\u00e7as imunopreven\u00edveis e contribui para o fortalecimento da aten\u00e7\u00e3o prim\u00e1ria, por meio da busca ativa de ind\u00edgenas ainda n\u00e3o imunizados.<\/p>\n<p>\u00a0<\/p>\n<\/div>\n","protected":false},"excerpt":{"rendered":"<p>O Minist\u00e9rio da Sa\u00fade espera aplicar mais de\u00a089 mil doses de vacinas em 650 aldeias&#8230;<\/p>\n","protected":false},"author":2,"featured_media":0,"comment_status":"","ping_status":"","sticky":false,"template":"","format":"standard","meta":{"footnotes":""},"categories":[2],"tags":[],"class_list":["post-41438","post","type-post","status-publish","format-standard","hentry","category-jogos-ao-vivo"],"amp_enabled":true,"_links":{"self":[{"href":"https:\/\/ipatingafc.com.br\/index.php\/wp-json\/wp\/v2\/posts\/41438","targetHints":{"allow":["GET"]}}],"collection":[{"href":"https:\/\/ipatingafc.com.br\/index.php\/wp-json\/wp\/v2\/posts"}],"about":[{"href":"https:\/\/ipatingafc.com.br\/index.php\/wp-json\/wp\/v2\/types\/post"}],"author":[{"embeddable":true,"href":"https:\/\/ipatingafc.com.br\/index.php\/wp-json\/wp\/v2\/users\/2"}],"replies":[{"embeddable":true,"href":"https:\/\/ipatingafc.com.br\/index.php\/wp-json\/wp\/v2\/comments?post=41438"}],"version-history":[{"count":0,"href":"https:\/\/ipatingafc.com.br\/index.php\/wp-json\/wp\/v2\/posts\/41438\/revisions"}],"wp:attachment":[{"href":"https:\/\/ipatingafc.com.br\/index.php\/wp-json\/wp\/v2\/media?parent=41438"}],"wp:term":[{"taxonomy":"category","embeddable":true,"href":"https:\/\/ipatingafc.com.br\/index.php\/wp-json\/wp\/v2\/categories?post=41438"},{"taxonomy":"post_tag","embeddable":true,"href":"https:\/\/ipatingafc.com.br\/index.php\/wp-json\/wp\/v2\/tags?post=41438"}],"curies":[{"name":"wp","href":"https:\/\/api.w.org\/{rel}","templated":true}]}}