{"id":41964,"date":"2026-04-22T20:45:55","date_gmt":"2026-04-22T23:45:55","guid":{"rendered":"https:\/\/ipatingafc.com.br\/index.php\/2026\/04\/22\/mendonca-pede-vista-e-suspende-julgamento-contra-eduardo-bolsonaro\/"},"modified":"2026-04-22T20:45:55","modified_gmt":"2026-04-22T23:45:55","slug":"mendonca-pede-vista-e-suspende-julgamento-contra-eduardo-bolsonaro","status":"publish","type":"post","link":"https:\/\/ipatingafc.com.br\/index.php\/2026\/04\/22\/mendonca-pede-vista-e-suspende-julgamento-contra-eduardo-bolsonaro\/","title":{"rendered":"Mendon\u00e7a pede vista e suspende julgamento contra Eduardo Bolsonaro"},"content":{"rendered":"<p><\/p>\n<div wp_automatic_readability=\"52.058055152395\">\n<p><strong>O ministro Andr\u00e9 Mendon\u00e7a, do Supremo Tribunal Federal (STF), pediu vista e suspendeu o julgamento virtual do processo em que o ex-deputado federal Eduardo Bolsonaro (PL-SP) \u00e9 acusado de\u00a0difama\u00e7\u00e3o contra a deputada Tabata Amaral (PSB-SP).<\/strong><\/p>\n<p>O julgamento come\u00e7ou na sexta-feira (17). <strong>At\u00e9 o momento, o placar est\u00e1 4 votos a 0 pela condena\u00e7\u00e3o do ex-parlamentar<\/strong>.<\/p>\n<p>Al\u00e9m de Alexandre de Moraes, relator, os votos foram proferidos pelos ministros Fl\u00e1vio Dino, Cristiano Zanin e C\u00e1rmen L\u00facia. <strong>A data para retomada do julgamento ainda n\u00e3o foi definida<\/strong>.<\/p>\n<p><strong>CCJ aprova admissibilidade de propostas que acabam com escala 6\u00d71<\/strong><\/p>\n<p><strong>Como a ditadura militar criou um imp\u00e9rio do ensino privado<\/strong><\/p>\n<p>O processo foi movido pela deputada contra Eduardo Bolsonaro ap\u00f3s uma postagem nas redes sociais.<\/p>\n<p>Em 2021, ele escreveu que o projeto de lei proposto pela parlamentar para garantir a distribui\u00e7\u00e3o gratuita de absorventes \u00edntimos\u00a0teria o objetivo de atender interesses empresariais de \u201cseu mentor-patrocinador Jorge Paulo Lemann\u201d, acionista de uma companhia que fabrica produtos de higiene pessoal.<\/p>\n<p>Moraes votou pela condena\u00e7\u00e3o e aplicou pena um ano de pris\u00e3o em regime aberto. O ministro entendeu que ficou configurada a difama\u00e7\u00e3o contra a deputada.<\/p>\n<p>\u201cA divulga\u00e7\u00e3o realizada pelo r\u00e9u revela o meio de ardil por ele empregado, cujo objetivo foi t\u00e3o somente atingir a honra da autora, tanto na esfera p\u00fablica, na condi\u00e7\u00e3o de agente pol\u00edtica, como em sua vida privada, uma vez que o alcance proporcionado pela Internet, como \u00e9 sabido, \u00e9 gigantesco e tem enorme poder de prolifera\u00e7\u00e3o\u201d, afirmou.\u00a0<\/p>\n<p><strong>Pol\u00edcia Federal retira credenciais de agente de imigra\u00e7\u00e3o dos EUA<\/strong><\/p>\n<p><strong>MEC Livros: biblioteca digital j\u00e1 tem mais de meio milh\u00e3o de usu\u00e1rios<\/strong><\/p>\n<p>Durante a tramita\u00e7\u00e3o do processo, a defesa de Eduardo Bolsonaro disse que as declara\u00e7\u00f5es foram feitas no \u00e2mbito da imunidade parlamentar.<\/p>\n<p>O ex-deputado est\u00e1 nos Estados Unidos desde o ano passado e perdeu o mandato por acumular faltas \u00e0s sess\u00f5es da C\u00e2mara dos Deputados.<\/p>\n<\/div>\n","protected":false},"excerpt":{"rendered":"<p>O ministro Andr\u00e9 Mendon\u00e7a, do Supremo Tribunal Federal (STF), pediu vista e suspendeu o julgamento&#8230;<\/p>\n","protected":false},"author":2,"featured_media":0,"comment_status":"","ping_status":"","sticky":false,"template":"","format":"standard","meta":{"footnotes":""},"categories":[2],"tags":[],"class_list":["post-41964","post","type-post","status-publish","format-standard","hentry","category-jogos-ao-vivo"],"amp_enabled":true,"_links":{"self":[{"href":"https:\/\/ipatingafc.com.br\/index.php\/wp-json\/wp\/v2\/posts\/41964","targetHints":{"allow":["GET"]}}],"collection":[{"href":"https:\/\/ipatingafc.com.br\/index.php\/wp-json\/wp\/v2\/posts"}],"about":[{"href":"https:\/\/ipatingafc.com.br\/index.php\/wp-json\/wp\/v2\/types\/post"}],"author":[{"embeddable":true,"href":"https:\/\/ipatingafc.com.br\/index.php\/wp-json\/wp\/v2\/users\/2"}],"replies":[{"embeddable":true,"href":"https:\/\/ipatingafc.com.br\/index.php\/wp-json\/wp\/v2\/comments?post=41964"}],"version-history":[{"count":0,"href":"https:\/\/ipatingafc.com.br\/index.php\/wp-json\/wp\/v2\/posts\/41964\/revisions"}],"wp:attachment":[{"href":"https:\/\/ipatingafc.com.br\/index.php\/wp-json\/wp\/v2\/media?parent=41964"}],"wp:term":[{"taxonomy":"category","embeddable":true,"href":"https:\/\/ipatingafc.com.br\/index.php\/wp-json\/wp\/v2\/categories?post=41964"},{"taxonomy":"post_tag","embeddable":true,"href":"https:\/\/ipatingafc.com.br\/index.php\/wp-json\/wp\/v2\/tags?post=41964"}],"curies":[{"name":"wp","href":"https:\/\/api.w.org\/{rel}","templated":true}]}}