{"id":42000,"date":"2026-04-23T10:26:49","date_gmt":"2026-04-23T13:26:49","guid":{"rendered":"https:\/\/ipatingafc.com.br\/index.php\/2026\/04\/23\/stf-julga-indenizacao-a-fotografo-que-ficou-cego-por-acao-da-pm-em-sp\/"},"modified":"2026-04-23T10:26:49","modified_gmt":"2026-04-23T13:26:49","slug":"stf-julga-indenizacao-a-fotografo-que-ficou-cego-por-acao-da-pm-em-sp","status":"publish","type":"post","link":"https:\/\/ipatingafc.com.br\/index.php\/2026\/04\/23\/stf-julga-indenizacao-a-fotografo-que-ficou-cego-por-acao-da-pm-em-sp\/","title":{"rendered":"STF julga indeniza\u00e7\u00e3o a fot\u00f3grafo que ficou cego por a\u00e7\u00e3o da PM em SP"},"content":{"rendered":"<p><\/p>\n<div wp_automatic_readability=\"52.635915492958\">\n<p><strong>O Supremo Tribunal Federal (STF) vai retomar na pr\u00f3xima ter\u00e7a-feira (28) o julgamento do caso do fotojornalista S\u00e9rgio Silva, que ficou cego do olho esquerdo em raz\u00e3o do disparo de uma bala de borracha por um policial em uma manifesta\u00e7\u00e3o, na capital paulista, em 2013.\u00a0\u00a0\u00a0<\/strong><\/p>\n<p>O incidente ocorreu quando S\u00e9rgio Silva fazia a cobertura jornal\u00edstica da manifesta\u00e7\u00e3o contra o aumento da tarifa no transporte p\u00fablico, na capital paulista, em junho de 2013. O olho atingido pela bala da PM apresentou les\u00f5es profundas, que causaram a atrofia do \u00f3rg\u00e3o.<\/p>\n<p><strong>A a\u00e7\u00e3o, em julgamento na Primeira Turma do STF, discute se o Estado de S\u00e3o Paulo deve indenizar o profissional.<\/strong><\/p>\n<p><strong>R\u00e1dios Nacional e MEC celebram Dia Nacional do Choro<\/strong><\/p>\n<p><strong>Encontro debate import\u00e2ncia do ensino de jornalismo diante de IA<\/strong><\/p>\n<p>At\u00e9 o momento, h\u00e1 dois votos reconhecendo o direito \u00e0 indeniza\u00e7\u00e3o (ministros Fl\u00e1vio Dino e Cristiano Zanin) e um contr\u00e1rio (ministro Alexandre de Moraes). No dia 28, a ministra C\u00e1rmen L\u00facia dever\u00e1 proferir seu voto. A sess\u00e3o ser\u00e1 presencial.\u00a0<\/p>\n<p><strong>Est\u00e1 em debate o reconhecimento do direito \u00e0 pens\u00e3o mensal vital\u00edcia para o fotojornalista, em valor que ainda dever\u00e1 ser apurado, e a condena\u00e7\u00e3o do Estado de S\u00e3o Paulo ao pagamento de R$100 mil reais a t\u00edtulo de danos morais.<\/strong><\/p>\n<blockquote wp_automatic_readability=\"12\">\n<p>\u201cTreze anos n\u00e3o s\u00e3o 13 dias, nem 13 horas, nem muito menos 13 minutos. S\u00e3o 13 anos sofrendo o segundo ato de viol\u00eancia, como eu chamo, que \u00e9 enfrentar um processo judici\u00e1rio\u201d, destacou S\u00e9rgio Silva.\u00a0<\/p>\n<\/blockquote>\n<p>Em primeira e segunda inst\u00e2ncias, a Justi\u00e7a paulista rejeitou a indeniza\u00e7\u00e3o ao profissional.\u00a0<\/p>\n<p><strong>BRB \u201cfecha a torneira\u201d? Banco piora convers\u00e3o para o ALL Accor e levanta alerta<\/strong><\/p>\n<p><strong>Fla estreia na Copa do Brasil com triunfo de 2 a 1 sobre o Vit\u00f3ria<\/strong><\/p>\n<p>\u201c[\u00c9] um processo judici\u00e1rio que, desde o in\u00edcio, me condena, insiste em dizer o absurdo de que n\u00e3o h\u00e1 prova de que foi a pol\u00edcia que atirou no meu olho. Insiste em defender que eu sou o \u00fanico respons\u00e1vel por estar naquela situa\u00e7\u00e3o, como se o papel do fot\u00f3grafo e da imprensa n\u00e3o fosse estar presente no local\u201d, acrescentou.<\/p>\n<\/div>\n","protected":false},"excerpt":{"rendered":"<p>O Supremo Tribunal Federal (STF) vai retomar na pr\u00f3xima ter\u00e7a-feira (28) o julgamento do caso&#8230;<\/p>\n","protected":false},"author":2,"featured_media":0,"comment_status":"","ping_status":"","sticky":false,"template":"","format":"standard","meta":{"footnotes":""},"categories":[2],"tags":[],"class_list":["post-42000","post","type-post","status-publish","format-standard","hentry","category-jogos-ao-vivo"],"amp_enabled":true,"_links":{"self":[{"href":"https:\/\/ipatingafc.com.br\/index.php\/wp-json\/wp\/v2\/posts\/42000","targetHints":{"allow":["GET"]}}],"collection":[{"href":"https:\/\/ipatingafc.com.br\/index.php\/wp-json\/wp\/v2\/posts"}],"about":[{"href":"https:\/\/ipatingafc.com.br\/index.php\/wp-json\/wp\/v2\/types\/post"}],"author":[{"embeddable":true,"href":"https:\/\/ipatingafc.com.br\/index.php\/wp-json\/wp\/v2\/users\/2"}],"replies":[{"embeddable":true,"href":"https:\/\/ipatingafc.com.br\/index.php\/wp-json\/wp\/v2\/comments?post=42000"}],"version-history":[{"count":0,"href":"https:\/\/ipatingafc.com.br\/index.php\/wp-json\/wp\/v2\/posts\/42000\/revisions"}],"wp:attachment":[{"href":"https:\/\/ipatingafc.com.br\/index.php\/wp-json\/wp\/v2\/media?parent=42000"}],"wp:term":[{"taxonomy":"category","embeddable":true,"href":"https:\/\/ipatingafc.com.br\/index.php\/wp-json\/wp\/v2\/categories?post=42000"},{"taxonomy":"post_tag","embeddable":true,"href":"https:\/\/ipatingafc.com.br\/index.php\/wp-json\/wp\/v2\/tags?post=42000"}],"curies":[{"name":"wp","href":"https:\/\/api.w.org\/{rel}","templated":true}]}}