{"id":42004,"date":"2026-04-23T11:48:53","date_gmt":"2026-04-23T14:48:53","guid":{"rendered":"https:\/\/ipatingafc.com.br\/index.php\/2026\/04\/23\/guerra-no-ira-leva-mais-de-30-milhoes-de-volta-a-pobreza\/"},"modified":"2026-04-23T11:48:53","modified_gmt":"2026-04-23T14:48:53","slug":"guerra-no-ira-leva-mais-de-30-milhoes-de-volta-a-pobreza","status":"publish","type":"post","link":"https:\/\/ipatingafc.com.br\/index.php\/2026\/04\/23\/guerra-no-ira-leva-mais-de-30-milhoes-de-volta-a-pobreza\/","title":{"rendered":"Guerra no Ir\u00e3 leva mais de 30 milh\u00f5es de volta \u00e0 pobreza"},"content":{"rendered":"<p><\/p>\n<div wp_automatic_readability=\"64.866759888134\">\n<p>Mais de 30 milh\u00f5es de pessoas ser\u00e3o empurradas de volta \u00e0 pobreza devido aos impactos da guerra do Ir\u00e3, incluindo interrup\u00e7\u00f5es no fornecimento de combust\u00edvel e fertilizantes, disse o chefe de Desenvolvimento da Organiza\u00e7\u00e3o das Na\u00e7\u00f5es Unidas (ONU), Alexander De Croo, nesta quinta-feira (23).<\/p>\n<p><strong>A escassez de fertilizantes \u2014 agravada pelo bloqueio de navios de carga no Estreito de Ormuz \u2014 j\u00e1 reduziu a produtividade agr\u00edcola, declarou \u00e0 Reuters o administrador do Programa das Na\u00e7\u00f5es Unidas para o Desenvolvimento (Pnud).<\/strong><\/p>\n<p>Isso provavelmente afetar\u00e1 a produ\u00e7\u00e3o agr\u00edcola mais \u00e0 frente este ano, acrescentou o ex-primeiro-ministro belga.<\/p>\n<p><strong>Governo autoriza nomea\u00e7\u00e3o de mil aprovados para concurso da PF<\/strong><\/p>\n<p><strong>STF julga indeniza\u00e7\u00e3o a fot\u00f3grafo que ficou cego por a\u00e7\u00e3o da PM em SP<\/strong><\/p>\n<blockquote wp_automatic_readability=\"11\">\n<p>\u201cA inseguran\u00e7a alimentar atingir\u00e1 seu n\u00edvel m\u00e1ximo em alguns meses, e n\u00e3o h\u00e1 muito que se possa fazer a respeito\u201d, disse ele, listando\u00a0outras consequ\u00eancias da crise, como\u00a0a escassez de energia e a queda das remessas.<\/p>\n<\/blockquote>\n<p><strong>\u201cMesmo que a guerra parasse amanh\u00e3, esses efeitos j\u00e1 est\u00e3o presentes e empurrar\u00e3o mais de 30 milh\u00f5es de pessoas de volta \u00e0 pobreza\u201d, completou.<\/strong><\/p>\n<p>Grande parte dos fertilizantes do mundo \u00e9 produzida no Oriente M\u00e9dio, e um ter\u00e7o dos suprimentos globais passa pelo Estreito de Ormuz, onde o Ir\u00e3 e os Estados Unidos disputam o controle.<\/p>\n<p>Neste m\u00eas, o Banco Mundial, o Fundo Monet\u00e1rio Internacional e o Programa Mundial de Alimentos da ONU alertaram que a guerra elevar\u00e1 os pre\u00e7os dos alimentos, sobrecarregando ainda mais as popula\u00e7\u00f5es mais vulner\u00e1veis do mundo.<\/p>\n<p><strong>R\u00e1dios Nacional e MEC celebram Dia Nacional do Choro<\/strong><\/p>\n<p><strong>Encontro debate import\u00e2ncia do ensino de jornalismo diante de IA<\/strong><\/p>\n<p><strong>De Croo disse que os efeitos indiretos da crise j\u00e1 eliminaram uma estimativa de 0,5% a 0,8% do PIB (Produto Interno Bruto) global. \u201cCoisas que levam d\u00e9cadas para serem acumuladas, s\u00e3o necess\u00e1rias oito semanas de guerra para destru\u00ed-las\u201d, declarou.<\/strong><\/p>\n<p>A crise tamb\u00e9m est\u00e1 sobrecarregando os esfor\u00e7os humanit\u00e1rios \u00e0 medida que o financiamento diminui e as necessidades aumentam em locais que j\u00e1 enfrentam emerg\u00eancias graves, incluindo Sud\u00e3o, Gaza e Ucr\u00e2nia.<\/p>\n<p><strong>\u201cTeremos que dizer a certas pessoas: sinto muito, mas n\u00e3o podemos ajud\u00e1-los\u201d, afirmou..<\/strong><\/p>\n<blockquote wp_automatic_readability=\"6\">\n<p>\u201cAs pessoas que estariam sobrevivendo com ajuda n\u00e3o ter\u00e3o isso e ser\u00e3o empurradas para uma vulnerabilidade ainda maior.\u201d<\/p>\n<\/blockquote>\n<p><em><strong>*\u00c9 proibida a reprodu\u00e7\u00e3o deste conte\u00fado.<\/strong><\/em><\/p>\n<\/div>\n","protected":false},"excerpt":{"rendered":"<p>Mais de 30 milh\u00f5es de pessoas ser\u00e3o empurradas de volta \u00e0 pobreza devido aos impactos&#8230;<\/p>\n","protected":false},"author":2,"featured_media":0,"comment_status":"","ping_status":"","sticky":false,"template":"","format":"standard","meta":{"footnotes":""},"categories":[2],"tags":[],"class_list":["post-42004","post","type-post","status-publish","format-standard","hentry","category-jogos-ao-vivo"],"amp_enabled":true,"_links":{"self":[{"href":"https:\/\/ipatingafc.com.br\/index.php\/wp-json\/wp\/v2\/posts\/42004","targetHints":{"allow":["GET"]}}],"collection":[{"href":"https:\/\/ipatingafc.com.br\/index.php\/wp-json\/wp\/v2\/posts"}],"about":[{"href":"https:\/\/ipatingafc.com.br\/index.php\/wp-json\/wp\/v2\/types\/post"}],"author":[{"embeddable":true,"href":"https:\/\/ipatingafc.com.br\/index.php\/wp-json\/wp\/v2\/users\/2"}],"replies":[{"embeddable":true,"href":"https:\/\/ipatingafc.com.br\/index.php\/wp-json\/wp\/v2\/comments?post=42004"}],"version-history":[{"count":0,"href":"https:\/\/ipatingafc.com.br\/index.php\/wp-json\/wp\/v2\/posts\/42004\/revisions"}],"wp:attachment":[{"href":"https:\/\/ipatingafc.com.br\/index.php\/wp-json\/wp\/v2\/media?parent=42004"}],"wp:term":[{"taxonomy":"category","embeddable":true,"href":"https:\/\/ipatingafc.com.br\/index.php\/wp-json\/wp\/v2\/categories?post=42004"},{"taxonomy":"post_tag","embeddable":true,"href":"https:\/\/ipatingafc.com.br\/index.php\/wp-json\/wp\/v2\/tags?post=42004"}],"curies":[{"name":"wp","href":"https:\/\/api.w.org\/{rel}","templated":true}]}}