{"id":42010,"date":"2026-04-23T13:52:00","date_gmt":"2026-04-23T16:52:00","guid":{"rendered":"https:\/\/ipatingafc.com.br\/index.php\/2026\/04\/23\/virada-cultural-em-sp-tera-mais-de-mil-atracoes-em-22-palcos\/"},"modified":"2026-04-23T13:52:00","modified_gmt":"2026-04-23T16:52:00","slug":"virada-cultural-em-sp-tera-mais-de-mil-atracoes-em-22-palcos","status":"publish","type":"post","link":"https:\/\/ipatingafc.com.br\/index.php\/2026\/04\/23\/virada-cultural-em-sp-tera-mais-de-mil-atracoes-em-22-palcos\/","title":{"rendered":"Virada Cultural em SP ter\u00e1 mais de mil atra\u00e7\u00f5es em 22 palcos"},"content":{"rendered":"<p><\/p>\n<div wp_automatic_readability=\"42.849655172414\">\n<p>Um dos maiores e mais tradicionais eventos culturais da cidade de S\u00e3o Paulo, a Virada Cultural deste ano vai promover shows de Thiaguinho, Marina Sena, Joelma, Gustavo Mioto, Gaby Amarantos, Alexandre Pires e Luiza Sonza. <strong>O evento ser\u00e1 realizado entre os dias 23 e 24 de maio.<\/strong><\/p>\n<p>Segundo informa\u00e7\u00f5es preliminares da prefeitura, a Virada ter\u00e1 mais de mil atra\u00e7\u00f5es culturais que ser\u00e3o distribu\u00eddas em 22 palcos espalhados por toda a cidade. <strong>Ao contr\u00e1rio das primeiras edi\u00e7\u00f5es, que sempre priorizava o centro, apenas cinco palcos ser\u00e3o montados na regi\u00e3o central paulistana.<\/strong> Em 2019, por exemplo, s\u00f3 o centro da capital tinha 27 palcos.<\/p>\n<p>De acordo com a administra\u00e7\u00e3o municipal, os demais palcos ser\u00e3o instalados pelas<strong> zonas sul, leste, norte e oeste j\u00e1 que a proposta \u201c\u00e9 refor\u00e7ar o grande corredor cultural estrat\u00e9gico que estimula a circula\u00e7\u00e3o de p\u00fablico ao longo de todo o fim de semana\u201d.<\/strong><\/p>\n<p><strong>Minist\u00e9rio da Sa\u00fade alerta para risco de casos de sarampo ap\u00f3s Copa<\/strong><\/p>\n<p><strong>SP: PF faz opera\u00e7\u00e3o para apurar gest\u00e3o temer\u00e1ria de recursos p\u00fablicos<\/strong><\/p>\n<p>A prefeitura destacou tamb\u00e9m que, neste ano, o tradicional Palco Brega e o espa\u00e7o dedicado ao rock estar\u00e3o de volta. <strong>Outra mudan\u00e7a \u00e9 que ser\u00e1 montado um palco todo dedicado \u00e0s mulheres.<\/strong><\/p>\n<p>No ano passado, o evento conseguiu atrair a presen\u00e7a de 4,7 milh\u00f5es de pessoas, mantendo\u00a0a m\u00e9dia de 2024, quando 4,5 milh\u00f5es de pessoas participaram.<\/p>\n<\/div>\n","protected":false},"excerpt":{"rendered":"<p>Um dos maiores e mais tradicionais eventos culturais da cidade de S\u00e3o Paulo, a Virada&#8230;<\/p>\n","protected":false},"author":2,"featured_media":0,"comment_status":"","ping_status":"","sticky":false,"template":"","format":"standard","meta":{"footnotes":""},"categories":[2],"tags":[],"class_list":["post-42010","post","type-post","status-publish","format-standard","hentry","category-jogos-ao-vivo"],"amp_enabled":true,"_links":{"self":[{"href":"https:\/\/ipatingafc.com.br\/index.php\/wp-json\/wp\/v2\/posts\/42010","targetHints":{"allow":["GET"]}}],"collection":[{"href":"https:\/\/ipatingafc.com.br\/index.php\/wp-json\/wp\/v2\/posts"}],"about":[{"href":"https:\/\/ipatingafc.com.br\/index.php\/wp-json\/wp\/v2\/types\/post"}],"author":[{"embeddable":true,"href":"https:\/\/ipatingafc.com.br\/index.php\/wp-json\/wp\/v2\/users\/2"}],"replies":[{"embeddable":true,"href":"https:\/\/ipatingafc.com.br\/index.php\/wp-json\/wp\/v2\/comments?post=42010"}],"version-history":[{"count":0,"href":"https:\/\/ipatingafc.com.br\/index.php\/wp-json\/wp\/v2\/posts\/42010\/revisions"}],"wp:attachment":[{"href":"https:\/\/ipatingafc.com.br\/index.php\/wp-json\/wp\/v2\/media?parent=42010"}],"wp:term":[{"taxonomy":"category","embeddable":true,"href":"https:\/\/ipatingafc.com.br\/index.php\/wp-json\/wp\/v2\/categories?post=42010"},{"taxonomy":"post_tag","embeddable":true,"href":"https:\/\/ipatingafc.com.br\/index.php\/wp-json\/wp\/v2\/tags?post=42010"}],"curies":[{"name":"wp","href":"https:\/\/api.w.org\/{rel}","templated":true}]}}