{"id":42101,"date":"2026-04-25T00:48:05","date_gmt":"2026-04-25T03:48:05","guid":{"rendered":"https:\/\/ipatingafc.com.br\/index.php\/2026\/04\/25\/ebc-e-unifap-inauguram-novo-canal-digital-de-tv-no-sul-do-amapa\/"},"modified":"2026-04-25T00:48:05","modified_gmt":"2026-04-25T03:48:05","slug":"ebc-e-unifap-inauguram-novo-canal-digital-de-tv-no-sul-do-amapa","status":"publish","type":"post","link":"https:\/\/ipatingafc.com.br\/index.php\/2026\/04\/25\/ebc-e-unifap-inauguram-novo-canal-digital-de-tv-no-sul-do-amapa\/","title":{"rendered":"EBC e Unifap inauguram novo canal digital de TV no sul do Amap\u00e1"},"content":{"rendered":"<p><\/p>\n<div wp_automatic_readability=\"127.26112185687\">\n<p>O munic\u00edpio de Laranjal do Jari, no estado do Amap\u00e1, ganhou nesta quinta-feira (23) um novo canal digital com a emissora de televis\u00e3o da Universidade Federal do Amap\u00e1 (<em>TV Unifap<\/em>). A iniciativa amplia o acesso da popula\u00e7\u00e3o \u00e0 comunica\u00e7\u00e3o p\u00fablica de qualidade e<strong> integra o programa Brasil Digital, coordenado pelo Minist\u00e9rio das Comunica\u00e7\u00f5es (MCom) e executado pela Ag\u00eancia Nacional de Telecomunica\u00e7\u00f5es (Anatel), em parceria com a Empresa Brasil de Comunica\u00e7\u00e3o (EBC).<\/strong><\/p>\n<p>A cerim\u00f4nia de lan\u00e7amento envolveu autoridades federais, estaduais e municipais. Entre os presentes estiveram a gerente-executiva de Integra\u00e7\u00e3o de Conte\u00fados e Rede da <strong>EBC<\/strong>, Lidia Neves; o diretor da R\u00e1dio e TV Unifap, R\u00f4mulo Castro; o gerente Regional da Anatel no Amap\u00e1, Edward Aires da Silva; o secret\u00e1rio de Empreendedorismo e Inova\u00e7\u00e3o de Laranjal do Jari, Bruno Gama, que na ocasi\u00e3o representou o prefeito em exerc\u00edcio da cidade, Eli\u00e1 Conrado; e o presidente da C\u00e2mara dos Vereadores de Laranjal do Jari, vereador Walcimar Fonseca; al\u00e9m de vereadores e representantes da sociedade local.<\/p>\n<p><strong>Com investimento federal de R$ 828.881, a implanta\u00e7\u00e3o da emissora no munic\u00edpio alcan\u00e7a mais de 45 mil habitantes de Laranjal do Jari e Vit\u00f3ria do Jari<\/strong>.<\/p>\n<p><strong>PGR d\u00e1 aval para Bolsonaro fazer cirurgia no ombro<\/strong><\/p>\n<p><strong>Ap\u00f3s acordo com reitoria, funcion\u00e1rios da USP encerram greve<\/strong><\/p>\n<p>Integrante da Rede Nacional de Comunica\u00e7\u00e3o P\u00fablica (RNCP),\u00a0a TV Unifap passa a oferecer na nova localidade conte\u00fados da <strong>TV Brasil<\/strong> e produ\u00e7\u00f5es pr\u00f3prias da universidade. A expans\u00e3o fortalece a presen\u00e7a da comunica\u00e7\u00e3o p\u00fablica na regi\u00e3o amaz\u00f4nica e aumenta o alcance de iniciativas acad\u00eamicas desenvolvidas pela institui\u00e7\u00e3o. A popula\u00e7\u00e3o local ter\u00e1 ainda acesso aos sinais do\u00a0Canal Gov, Canal Educa\u00e7\u00e3o e\u00a0Canal Sa\u00fade.<\/p>\n<p><strong>A ocasi\u00e3o tamb\u00e9m marcou a entrada de emissoras da Rede Legislativa de R\u00e1dio e TV na regi\u00e3o. Entraram em opera\u00e7\u00e3o em sinal aberto o canal de televis\u00e3o da Assembleia Legislativa do Amap\u00e1 (<em>Alap TV<\/em>), a <em>TV C\u00e2mara Municipal de Laranjal do Jari<\/em>, a <em>TV C\u00e2mara dos Deputados<\/em> e a <em>TV Senado Federal<\/em>.<\/strong><\/p>\n<p>\u201cEsse \u00e9 um momento hist\u00f3rico para o Amap\u00e1 e para a comunica\u00e7\u00e3o p\u00fablica. Com a RNCP\u00a0e a Rede Legislativa, inauguramos oito canais em uma regi\u00e3o que at\u00e9 ent\u00e3o n\u00e3o tinha nenhuma geradora de TV aberta voltada \u00e0 cidadania\u201d, comemora a representante da <strong>EBC<\/strong>, Lidia Neves.<\/p>\n<p>Segundo ela, \u201ca popula\u00e7\u00e3o de Laranjal do Jari ficou muito animada com essa ideia de poder contar sua pr\u00f3pria hist\u00f3ria e mostrar a sua cultura. Essa integra\u00e7\u00e3o com as redes permite que a riqueza das identidades locais alcance o territ\u00f3rio nacional, ao mesmo tempo em que assegura aos moradores o acesso democr\u00e1tico a conte\u00fados de alta qualidade e relev\u00e2ncia p\u00fablica\u201d.<\/p>\n<p><strong>Milena surpreende ap\u00f3s o BBB26 e decide doar apartamento conquistado no reality<\/strong><\/p>\n<p><strong>Nunes Marques assume presid\u00eancia do TSE dia 12 de maio<\/strong><\/p>\n<p><strong>O presidente da C\u00e2mara Municipal, Walcimar Fonseca, enfatizou que as emissoras contribuem para dar visibilidade \u00e0 regi\u00e3o.<\/strong> \u201cEstamos felizes de poder mostrar nossas belezas atrav\u00e9s da TV\u201d, acrescentou o vereador. Walcimar fez quest\u00e3o de agradecer \u00e0 <strong>EBC<\/strong>\u00a0e \u00e0 Alap pelo suporte t\u00e9cnico e compartilhamento de conhecimento, fundamentais para colocar os canais no ar.<\/p>\n<p>\u201cAgrade\u00e7o por nos ensinarem como nos comunicarmos melhor com a popula\u00e7\u00e3o\u201d, concluiu.<\/p>\n<p>Criada oficialmente em 18 de outubro de 2021, em Macap\u00e1, a TV universit\u00e1ria atua na difus\u00e3o de conte\u00fados educativos, culturais e cient\u00edficos, contribuindo para a forma\u00e7\u00e3o cidad\u00e3 e o acesso \u00e0 informa\u00e7\u00e3o. <strong>Com a chegada a Laranjal do Jari, a emissora amplia a capacidade de di\u00e1logo com comunidades do interior do estado.<\/strong><\/p>\n<p>\u201cEstamos felizes de receber esse marco, que vai trazer e ampliar informa\u00e7\u00e3o aqui em Laranjal do Jari, levando conhecimento para quem precisa. A gest\u00e3o municipal v\u00ea essas inaugura\u00e7\u00f5es como uma porta de transpar\u00eancia com os canais p\u00fablicos, legislativos e governamentais. Tudo isso traz desenvolvimento para a nossa regi\u00e3o\u201d, comentou o secret\u00e1rio Bruno Gama.<\/p>\n<h2>Brasil Digital<\/h2>\n<p>O Programa Brasil Digital tem como objetivo ampliar a oferta do servi\u00e7o de radiodifus\u00e3o de sons e imagens digital terrestre e ancilares em munic\u00edpios onde a <strong>EBC<\/strong>\u00a0e a C\u00e2mara dos Deputados n\u00e3o disponham de esta\u00e7\u00e3o licenciada. A pol\u00edtica p\u00fablica seleciona institui\u00e7\u00f5es parceiras para a gest\u00e3o do local de instala\u00e7\u00e3o e da infraestrutura b\u00e1sica necess\u00e1ria, aquisi\u00e7\u00e3o e implanta\u00e7\u00e3o de esta\u00e7\u00f5es de televis\u00e3o digital, e doa\u00e7\u00e3o de equipamentos transmissores para as benefici\u00e1rias.<\/p>\n<p><strong>\u201cO Brasil Digital conta com R$ 150 milh\u00f5es oriundos do Novo PAC e\u00a0 R$ 105 milh\u00f5es da Anatel, oriundos do Leil\u00e3o do 4G. A ideia principal do programa \u00e9 levar a televis\u00e3o digital a cerca de 400 munic\u00edpios. Quando chegamos no interior, por exemplo, vemos a dificuldade que a popula\u00e7\u00e3o tem para acessar informa\u00e7\u00e3o e seus direitos\u201d, explicou o gerente regional da Anatel, Edward Aires.<\/strong><\/p>\n<p>O diretor da r\u00e1dio e <em>TV Unifap<\/em> celebrou a novidade, destacando que a chegada do sinal digital representa um salto na democratiza\u00e7\u00e3o da comunica\u00e7\u00e3o regional.<\/p>\n<p>\u201cCom o Brasil Digital, a <em>TV Unifap<\/em> avan\u00e7a com mais acesso \u00e0 educa\u00e7\u00e3o e informa\u00e7\u00e3o para a popula\u00e7\u00e3o de Laranjal do Jari e Vale do Jari, inclusive para a popula\u00e7\u00e3o ind\u00edgena e quilombola\u201d, destacou R\u00f4mulo Castro.<\/p>\n<p>Multiprograma\u00e7\u00e3o \u2013 TV Unifap (Laranjal do Jari)<\/p>\n<p>1.1 \u2013 TV UNIFAP \/ TV Brasil<br \/>1.2 \u2013 Canal Gov<br \/>1.3 \u2013 Canal Educa\u00e7\u00e3o<br \/>1.4 \u2013 Canal Sa\u00fade<\/p>\n<p>Multiprograma\u00e7\u00e3o \u2013 Rede Legislativa (Laranjal do Jari)<\/p>\n<p>9.1 \u2013 TV C\u00e2mara<br \/>9.2 \u2013 TV Assembleia<br \/>9.3 \u2013 TV C\u00e2mara Municipal<br \/>9.4 \u2013 TV Senado<\/p>\n<\/div>\n","protected":false},"excerpt":{"rendered":"<p>O munic\u00edpio de Laranjal do Jari, no estado do Amap\u00e1, ganhou nesta quinta-feira (23) um&#8230;<\/p>\n","protected":false},"author":2,"featured_media":0,"comment_status":"","ping_status":"","sticky":false,"template":"","format":"standard","meta":{"footnotes":""},"categories":[2],"tags":[],"class_list":["post-42101","post","type-post","status-publish","format-standard","hentry","category-jogos-ao-vivo"],"amp_enabled":true,"_links":{"self":[{"href":"https:\/\/ipatingafc.com.br\/index.php\/wp-json\/wp\/v2\/posts\/42101","targetHints":{"allow":["GET"]}}],"collection":[{"href":"https:\/\/ipatingafc.com.br\/index.php\/wp-json\/wp\/v2\/posts"}],"about":[{"href":"https:\/\/ipatingafc.com.br\/index.php\/wp-json\/wp\/v2\/types\/post"}],"author":[{"embeddable":true,"href":"https:\/\/ipatingafc.com.br\/index.php\/wp-json\/wp\/v2\/users\/2"}],"replies":[{"embeddable":true,"href":"https:\/\/ipatingafc.com.br\/index.php\/wp-json\/wp\/v2\/comments?post=42101"}],"version-history":[{"count":0,"href":"https:\/\/ipatingafc.com.br\/index.php\/wp-json\/wp\/v2\/posts\/42101\/revisions"}],"wp:attachment":[{"href":"https:\/\/ipatingafc.com.br\/index.php\/wp-json\/wp\/v2\/media?parent=42101"}],"wp:term":[{"taxonomy":"category","embeddable":true,"href":"https:\/\/ipatingafc.com.br\/index.php\/wp-json\/wp\/v2\/categories?post=42101"},{"taxonomy":"post_tag","embeddable":true,"href":"https:\/\/ipatingafc.com.br\/index.php\/wp-json\/wp\/v2\/tags?post=42101"}],"curies":[{"name":"wp","href":"https:\/\/api.w.org\/{rel}","templated":true}]}}