{"id":42102,"date":"2026-04-25T01:28:49","date_gmt":"2026-04-25T04:28:49","guid":{"rendered":"https:\/\/ipatingafc.com.br\/index.php\/2026\/04\/25\/ministerio-repudia-declaracao-de-assessor-de-trump-sobre-brasileiras\/"},"modified":"2026-04-25T01:28:49","modified_gmt":"2026-04-25T04:28:49","slug":"ministerio-repudia-declaracao-de-assessor-de-trump-sobre-brasileiras","status":"publish","type":"post","link":"https:\/\/ipatingafc.com.br\/index.php\/2026\/04\/25\/ministerio-repudia-declaracao-de-assessor-de-trump-sobre-brasileiras\/","title":{"rendered":"Minist\u00e9rio repudia declara\u00e7\u00e3o de assessor de Trump sobre brasileiras"},"content":{"rendered":"<p><\/p>\n<div wp_automatic_readability=\"45.868230174081\">\n<p><strong>O Minist\u00e9rio das Mulheres repudiou as declara\u00e7\u00f5es do assessor especial do governo dos Estados Unidos, Paolo Zampolli, contra as mulheres brasileiras. <\/strong>Segundo a pasta, as afirma\u00e7\u00f5es refor\u00e7am um discurso de \u00f3dio e desvalorizam as mulheres do pa\u00eds, em afronta \u00e0 dignidade e ao respeito.<\/p>\n<p><strong>Recentemente, em entrevista \u00e0 emissora italiana RAI, Zampolli disse que \u201cas mulheres brasileiras fazem confus\u00e3o com todo mundo\u201d, e se refere a elas como \u201cra\u00e7a maldita\u201d. <\/strong>\u201cS\u00e3o programadas para fazer isso\u201d, declarou o representante especial dos Estados Unidos para parcerias globais.<\/p>\n<blockquote wp_automatic_readability=\"12.977366255144\">\n<p>\u201cMisoginia n\u00e3o constitui opini\u00e3o. Trata-se de manifesta\u00e7\u00e3o de \u00f3dio, avers\u00e3o e incita\u00e7\u00e3o \u00e0 viol\u00eancia, configurando pr\u00e1tica criminosa. Nesse sentido, o Minist\u00e9rio ressalta que o \u00f3dio contra meninas e mulheres n\u00e3o pode ser relativizado sob o argumento da liberdade de express\u00e3o\u201d, diz a nota divulgada pela pasta, comandada pela ministra M\u00e1rcia Lopes.\u00a0\u00a0<\/p>\n<p><strong>EBC e Unifap inauguram novo canal digital de TV no sul do Amap\u00e1<\/strong><\/p>\n<p><strong>PGR d\u00e1 aval para Bolsonaro fazer cirurgia no ombro<\/strong><\/p>\n<\/blockquote>\n<p>Segundo o comunicado, o governo do Brasil reafirma seu compromisso com a promo\u00e7\u00e3o dos direitos das mulheres e com o enfrentamento de todas as formas de viol\u00eancia de g\u00eanero e ra\u00e7a, incluindo a misoginia.<\/p>\n<p><strong>A primeira-dama do Brasil, Janja Lula da Silva, tamb\u00e9m publicou em suas redes sociais um rep\u00fadio \u00e0 fala de Zampolli.<\/strong> Segundo Janja, ele \u00e9 acusado por sua ex-mulher, a modelo brasileira Amanda Ungaro, de viol\u00eancia dom\u00e9stica e abuso sexual e psicol\u00f3gico.<\/p>\n<blockquote wp_automatic_readability=\"14\">\n<p>\u201cAs mulheres brasileiras, com muita for\u00e7a e coragem, rompem, diariamente, ciclos de viol\u00eancia e de silenciamento. Dizer que somos uma \u2018ra\u00e7a maldita\u2019 e \u2018programadas para causar confus\u00e3o\u2019, n\u00e3o nos diminui. Pois sabemos muito bem quem somos e temos muito orgulho de quem nos tornamos diariamente\u201d, disse a primeira-dama.\u00a0<\/p>\n<\/blockquote>\n<p><strong>Ap\u00f3s acordo com reitoria, funcion\u00e1rios da USP encerram greve<\/strong><\/p>\n<p><strong>Milena surpreende ap\u00f3s o BBB26 e decide doar apartamento conquistado no reality<\/strong><\/p>\n<\/div>\n","protected":false},"excerpt":{"rendered":"<p>O Minist\u00e9rio das Mulheres repudiou as declara\u00e7\u00f5es do assessor especial do governo dos Estados Unidos,&#8230;<\/p>\n","protected":false},"author":2,"featured_media":0,"comment_status":"","ping_status":"","sticky":false,"template":"","format":"standard","meta":{"footnotes":""},"categories":[2],"tags":[],"class_list":["post-42102","post","type-post","status-publish","format-standard","hentry","category-jogos-ao-vivo"],"amp_enabled":true,"_links":{"self":[{"href":"https:\/\/ipatingafc.com.br\/index.php\/wp-json\/wp\/v2\/posts\/42102","targetHints":{"allow":["GET"]}}],"collection":[{"href":"https:\/\/ipatingafc.com.br\/index.php\/wp-json\/wp\/v2\/posts"}],"about":[{"href":"https:\/\/ipatingafc.com.br\/index.php\/wp-json\/wp\/v2\/types\/post"}],"author":[{"embeddable":true,"href":"https:\/\/ipatingafc.com.br\/index.php\/wp-json\/wp\/v2\/users\/2"}],"replies":[{"embeddable":true,"href":"https:\/\/ipatingafc.com.br\/index.php\/wp-json\/wp\/v2\/comments?post=42102"}],"version-history":[{"count":0,"href":"https:\/\/ipatingafc.com.br\/index.php\/wp-json\/wp\/v2\/posts\/42102\/revisions"}],"wp:attachment":[{"href":"https:\/\/ipatingafc.com.br\/index.php\/wp-json\/wp\/v2\/media?parent=42102"}],"wp:term":[{"taxonomy":"category","embeddable":true,"href":"https:\/\/ipatingafc.com.br\/index.php\/wp-json\/wp\/v2\/categories?post=42102"},{"taxonomy":"post_tag","embeddable":true,"href":"https:\/\/ipatingafc.com.br\/index.php\/wp-json\/wp\/v2\/tags?post=42102"}],"curies":[{"name":"wp","href":"https:\/\/api.w.org\/{rel}","templated":true}]}}