{"id":42117,"date":"2026-04-25T06:56:50","date_gmt":"2026-04-25T09:56:50","guid":{"rendered":"https:\/\/ipatingafc.com.br\/index.php\/2026\/04\/25\/zanin-mantem-presidente-do-tjrj-no-cargo-de-governador-interino-do-rio\/"},"modified":"2026-04-25T06:56:50","modified_gmt":"2026-04-25T09:56:50","slug":"zanin-mantem-presidente-do-tjrj-no-cargo-de-governador-interino-do-rio","status":"publish","type":"post","link":"https:\/\/ipatingafc.com.br\/index.php\/2026\/04\/25\/zanin-mantem-presidente-do-tjrj-no-cargo-de-governador-interino-do-rio\/","title":{"rendered":"Zanin mant\u00e9m presidente do TJRJ no cargo de governador interino do Rio"},"content":{"rendered":"<p><\/p>\n<div wp_automatic_readability=\"53.984509466437\">\n<p><strong>O ministro Cristiano Zanin, do Supremo Tribunal Federal (STF) decidiu nesta sexta-feira (24) manter o\u00a0presidente do Tribunal de Justi\u00e7a do Rio de Janeiro (TJRJ), Ricardo Couto de Castro, na fun\u00e7\u00e3o de governador interino do Rio de Janeiro.<\/strong><\/p>\n<p>Na decis\u00e3o, o ministro entendeu que o presidente deve continuar no cargo at\u00e9 que a Corte decida sobre as elei\u00e7\u00f5es para mandato-tamp\u00e3o do Executivo estadual.\u00a0<\/p>\n<p>A decis\u00e3o foi motivada por um <strong>pedido do PSD estadual<\/strong> para que seja reafirmada uma liminar proferida por Zanin para garantir que o comando do estado deve permanecer com o presidente do tribunal.<\/p>\n<p><strong>Por unanimidade, STF mant\u00e9m pris\u00e3o de ex-presidente do BRB<\/strong><\/p>\n<p><strong>Minist\u00e9rio repudia declara\u00e7\u00e3o de assessor de Trump sobre brasileiras<\/strong><\/p>\n<p>A movimenta\u00e7\u00e3o da legenda ocorreu ap\u00f3s o presidente da Assembleia Legislativa do Estado do Rio de Janeiro (Alerj), deputado Douglas Ruas (PL), pedir ao <strong>ministro Luiz Fux, relator de outra a\u00e7\u00e3o sobre a quest\u00e3o, para assumir o cargo de governador interino.<\/strong><\/p>\n<p>&gt;&gt; Siga o canal da<strong> Ag\u00eancia Brasil <\/strong>no WhatsApp<\/p>\n<p>O PSD \u00e9 o partido de Eduardo Paes, atual prefeito do Rio e pr\u00e9-candidato ao governo do estado nas elei\u00e7\u00f5es de outubro. O PL faz oposi\u00e7\u00e3o ao governo de Paes.<\/p>\n<p><strong>Ao manter Ricardo Couto no cargo, Zanin disse que o cen\u00e1rio deve ser mantido at\u00e9 decis\u00e3o final da Corte.<\/strong><\/p>\n<p><strong>EBC e Unifap inauguram novo canal digital de TV no sul do Amap\u00e1<\/strong><\/p>\n<p><strong>PGR d\u00e1 aval para Bolsonaro fazer cirurgia no ombro<\/strong><\/p>\n<blockquote wp_automatic_readability=\"16\">\n<p>\u201cNeste momento, n\u00e3o h\u00e1 nada a ser provido, pois, como j\u00e1 exposto, o plen\u00e1rio do Supremo Tribunal Federal explicitou que, at\u00e9 nova delibera\u00e7\u00e3o permanecer\u00e1 no exerc\u00edcio do cargo de governador do estado do Rio de Janeiro, o presidente do Tribunal de Justi\u00e7a do estado, com todos os poderes e prerrogativas inerentes \u00e0 Chefia do Poder Executivo\u201d, decidiu.<\/p>\n<\/blockquote>\n<p>No dia 9 de abril,\u00a0 um pedido de vista do ministro Fl\u00e1vio Dino <strong>suspendeu o julgamento que vai decidir se as elei\u00e7\u00f5es para o mandato-tamp\u00e3o ser\u00e3o de forma direta (voto popular) ou indireta (votos dos deputados da Alerj).<\/strong><\/p>\n<p>Dino disse que pretende devolver o processo para julgamento depois da publica\u00e7\u00e3o do\u00a0ac\u00f3rd\u00e3o do julgamento do Tribunal Superior Eleitoral (TSE)\u00a0que condenou o ex-governador Cl\u00e1udio Castro \u00e0 inelegibilidade e abriu a possibilidade de novas elei\u00e7\u00f5es.\u00a0<\/p>\n<\/div>\n","protected":false},"excerpt":{"rendered":"<p>O ministro Cristiano Zanin, do Supremo Tribunal Federal (STF) decidiu nesta sexta-feira (24) manter o\u00a0presidente&#8230;<\/p>\n","protected":false},"author":2,"featured_media":0,"comment_status":"","ping_status":"","sticky":false,"template":"","format":"standard","meta":{"footnotes":""},"categories":[2],"tags":[],"class_list":["post-42117","post","type-post","status-publish","format-standard","hentry","category-jogos-ao-vivo"],"amp_enabled":true,"_links":{"self":[{"href":"https:\/\/ipatingafc.com.br\/index.php\/wp-json\/wp\/v2\/posts\/42117","targetHints":{"allow":["GET"]}}],"collection":[{"href":"https:\/\/ipatingafc.com.br\/index.php\/wp-json\/wp\/v2\/posts"}],"about":[{"href":"https:\/\/ipatingafc.com.br\/index.php\/wp-json\/wp\/v2\/types\/post"}],"author":[{"embeddable":true,"href":"https:\/\/ipatingafc.com.br\/index.php\/wp-json\/wp\/v2\/users\/2"}],"replies":[{"embeddable":true,"href":"https:\/\/ipatingafc.com.br\/index.php\/wp-json\/wp\/v2\/comments?post=42117"}],"version-history":[{"count":0,"href":"https:\/\/ipatingafc.com.br\/index.php\/wp-json\/wp\/v2\/posts\/42117\/revisions"}],"wp:attachment":[{"href":"https:\/\/ipatingafc.com.br\/index.php\/wp-json\/wp\/v2\/media?parent=42117"}],"wp:term":[{"taxonomy":"category","embeddable":true,"href":"https:\/\/ipatingafc.com.br\/index.php\/wp-json\/wp\/v2\/categories?post=42117"},{"taxonomy":"post_tag","embeddable":true,"href":"https:\/\/ipatingafc.com.br\/index.php\/wp-json\/wp\/v2\/tags?post=42117"}],"curies":[{"name":"wp","href":"https:\/\/api.w.org\/{rel}","templated":true}]}}