{"id":42172,"date":"2026-04-26T06:13:04","date_gmt":"2026-04-26T09:13:04","guid":{"rendered":"https:\/\/ipatingafc.com.br\/index.php\/2026\/04\/26\/sesau-informa-cancelamento-de-evento-de-amamentacao-coletiva-cgnoticias\/"},"modified":"2026-04-26T06:13:04","modified_gmt":"2026-04-26T09:13:04","slug":"sesau-informa-cancelamento-de-evento-de-amamentacao-coletiva-cgnoticias","status":"publish","type":"post","link":"https:\/\/ipatingafc.com.br\/index.php\/2026\/04\/26\/sesau-informa-cancelamento-de-evento-de-amamentacao-coletiva-cgnoticias\/","title":{"rendered":"Sesau informa cancelamento de evento de amamenta\u00e7\u00e3o coletiva \u2013 CGNot\u00edcias"},"content":{"rendered":"<p><\/p>\n<div wp_automatic_readability=\"34.574202496533\">\n<p>A Secretaria Municipal de Sa\u00fade (Sesau) informa o cancelamento do evento de amamenta\u00e7\u00e3o coletiva que seria realizado neste domingo (26), conforme programa\u00e7\u00e3o previamente divulgada, dentro das atividades do Encontro Nacional de Aleitamento Materno (ENAM) e do Encontro Nacional de Alimenta\u00e7\u00e3o Complementar (ENAC).<\/p>\n<p>A decis\u00e3o foi tomada de forma preventiva, considerando o atual per\u00edodo de maior circula\u00e7\u00e3o de v\u00edrus respirat\u00f3rios, comum nas esta\u00e7\u00f5es mais frias do ano. Como o p\u00fablico-alvo do evento inclui beb\u00eas e crian\u00e7as pequenas grupo mais vulner\u00e1vel a complica\u00e7\u00f5es, a medida visa garantir a seguran\u00e7a e a sa\u00fade dos participantes.<\/p>\n<p>A Sesau esclarece que a programa\u00e7\u00e3o do ENAM e do ENAC est\u00e1 mantida, sendo o cancelamento restrito apenas \u00e0 atividade no domingo, que ocorreria na Pra\u00e7a do R\u00e1dio.<\/p>\n<p><strong>Guia Lopes da Laguna ganha reforma do hospital, escola e obras para qualificar infraestrutura da cidade<\/strong><\/p>\n<p><strong>Dona de casa viaja 212 km para participar do Mutir\u00e3o Todos em A\u00e7\u00e3o \u2013 CGNot\u00edcias<\/strong><\/p>\n<p>O evento, que tinha como objetivo incentivar e conscientizar sobre a import\u00e2ncia do aleitamento materno, dever\u00e1 ser reprogramado em momento oportuno, quando houver condi\u00e7\u00f5es mais seguras para sua realiza\u00e7\u00e3o.<\/p>\n<p>A Sesau refor\u00e7a que segue atenta \u00e0s recomenda\u00e7\u00f5es das autoridades de sa\u00fade e mant\u00e9m o compromisso com a promo\u00e7\u00e3o de a\u00e7\u00f5es que priorizem o bem-estar da popula\u00e7\u00e3o.<\/p>\n<\/div>\n<p><script async defer src=\"https:\/\/connect.facebook.net\/en_US\/sdk.js?ver=1#xfbml=1&amp;version=v3.2\" id=\"prefeitura-campogrande-script-facebook-sdk-js\" type=\"45cfad0d5c833a7d8db80d8d-text\/javascript\"><\/script><\/p>\n","protected":false},"excerpt":{"rendered":"<p>A Secretaria Municipal de Sa\u00fade (Sesau) informa o cancelamento do evento de amamenta\u00e7\u00e3o coletiva que&#8230;<\/p>\n","protected":false},"author":2,"featured_media":0,"comment_status":"","ping_status":"","sticky":false,"template":"","format":"standard","meta":{"footnotes":""},"categories":[2],"tags":[],"class_list":["post-42172","post","type-post","status-publish","format-standard","hentry","category-jogos-ao-vivo"],"amp_enabled":true,"_links":{"self":[{"href":"https:\/\/ipatingafc.com.br\/index.php\/wp-json\/wp\/v2\/posts\/42172","targetHints":{"allow":["GET"]}}],"collection":[{"href":"https:\/\/ipatingafc.com.br\/index.php\/wp-json\/wp\/v2\/posts"}],"about":[{"href":"https:\/\/ipatingafc.com.br\/index.php\/wp-json\/wp\/v2\/types\/post"}],"author":[{"embeddable":true,"href":"https:\/\/ipatingafc.com.br\/index.php\/wp-json\/wp\/v2\/users\/2"}],"replies":[{"embeddable":true,"href":"https:\/\/ipatingafc.com.br\/index.php\/wp-json\/wp\/v2\/comments?post=42172"}],"version-history":[{"count":0,"href":"https:\/\/ipatingafc.com.br\/index.php\/wp-json\/wp\/v2\/posts\/42172\/revisions"}],"wp:attachment":[{"href":"https:\/\/ipatingafc.com.br\/index.php\/wp-json\/wp\/v2\/media?parent=42172"}],"wp:term":[{"taxonomy":"category","embeddable":true,"href":"https:\/\/ipatingafc.com.br\/index.php\/wp-json\/wp\/v2\/categories?post=42172"},{"taxonomy":"post_tag","embeddable":true,"href":"https:\/\/ipatingafc.com.br\/index.php\/wp-json\/wp\/v2\/tags?post=42172"}],"curies":[{"name":"wp","href":"https:\/\/api.w.org\/{rel}","templated":true}]}}