{"id":42179,"date":"2026-04-26T08:56:47","date_gmt":"2026-04-26T11:56:47","guid":{"rendered":"https:\/\/ipatingafc.com.br\/index.php\/2026\/04\/26\/com-inicio-do-tao-sonhado-anel-viario-governo-de-ms-entrega-pacote-de-obras-em-bonito-agencia-de-noticias-do-governo-de-mato-grosso-do-sul\/"},"modified":"2026-04-26T08:56:47","modified_gmt":"2026-04-26T11:56:47","slug":"com-inicio-do-tao-sonhado-anel-viario-governo-de-ms-entrega-pacote-de-obras-em-bonito-agencia-de-noticias-do-governo-de-mato-grosso-do-sul","status":"publish","type":"post","link":"https:\/\/ipatingafc.com.br\/index.php\/2026\/04\/26\/com-inicio-do-tao-sonhado-anel-viario-governo-de-ms-entrega-pacote-de-obras-em-bonito-agencia-de-noticias-do-governo-de-mato-grosso-do-sul\/","title":{"rendered":"Com in\u00edcio do t\u00e3o sonhado Anel Vi\u00e1rio, Governo de MS entrega pacote de obras em Bonito \u2013 Ag\u00eancia de Noticias do Governo de Mato Grosso do Sul"},"content":{"rendered":"<p><\/p>\n<div wp_automatic_readability=\"161.96039762706\">\n<p>O governador Eduardo Riedel entregou e lan\u00e7ou um pacote de obras em Bonito, nesta sexta-feira (24). Entre elas est\u00e1 o t\u00e3o esperado Anel Vi\u00e1rio da cidade, com investimento de R$ 51,2 milh\u00f5es. O objetivo da obra \u00e9 impulsionar o desenvolvimento e favorecer o turismo na regi\u00e3o. Foi assinado ainda a ordem de servi\u00e7o para in\u00edcio do projeto, que come\u00e7a pelo Ramo Sul.<\/p>\n<p>A obra vai melhorar o fluxo de tr\u00e2nsito na cidade tur\u00edstica, facilitando o acesso entre as rodovias MS-382 e MS-178, que ligam Bonito a Bodoquena e ao aeroporto municipal. \u201cDos mais de R$ 50 milh\u00f5es de investimento no Anel Vi\u00e1rio, quase seis [milh\u00f5es] foram em mec\u00e2nismos de prote\u00e7\u00e3o a fauna, o que mostra a responsabilidade que temos principalmente em Bonito, com um projeto ambiental s\u00f3lido. Por isso vamos fazer bem feito, com o que tem de melhor para sociedade\u201d, afirmou o governador.<\/p>\n<p>Riedel lembrou que esta obra t\u00e3o esperada era um compromisso do Estado. \u201cUm projeto que ser\u00e1 feito com todo carinho poss\u00edvel. Ele \u00e9 transformador para o munic\u00edpio, que \u00e9 cart\u00e3o postal do Brasil\u201d, completou.<\/p>\n<p><strong>Sesau informa cancelamento de evento de amamenta\u00e7\u00e3o coletiva \u2013 CGNot\u00edcias<\/strong><\/p>\n<p><strong>Guia Lopes da Laguna ganha reforma do hospital, escola e obras para qualificar infraestrutura da cidade<\/strong><\/p>\n<p>O projeto contempla 7,6 km de pavimenta\u00e7\u00e3o, garantindo mais seguran\u00e7a para moradores, turistas e transportadores que trafegam pela regi\u00e3o. A iniciativa visa desafogar o tr\u00e2nsito urbano, reduzindo o fluxo de ve\u00edculos pesados dentro da cidade e proporcionando mais agilidade no deslocamento entre os destinos tur\u00edsticos.<\/p>\n<p>\u201cSonho que come\u00e7ou em 2016 quando come\u00e7amos o projeto. Corremos atr\u00e1s e em 2021 fomos atr\u00e1s do Estado para viabilizar este sonho, que agora ser\u00e1 realizado. Vai desafogar os ve\u00edculos pesados da nossa cidade. O sentimento \u00e9 de gratid\u00e3o\u201d, ponderou o prefeito Josmail Rodrigues.<\/p>\n<p><strong>Estrada Viva<\/strong><\/p>\n<p>Durante o evento tamb\u00e9m foi iniciada a constru\u00e7\u00e3o da sede do projeto Estrada Viva, que visa reduzir e prevenir os acidentes envolvendo animais silvestres nas rodovias estaduais. O pr\u00e9dio ser\u00e1 constru\u00eddo na regi\u00e3o central da cidade, na esquina das ruas das Flores e Dr. Conrado, em \u00e1rea que pertence \u00e0 Agraer.<\/p>\n<p><strong>Dona de casa viaja 212 km para participar do Mutir\u00e3o Todos em A\u00e7\u00e3o \u2013 CGNot\u00edcias<\/strong><\/p>\n<p><strong>Governo de MS mobiliza estrutura e amplia a\u00e7\u00f5es para conter avan\u00e7o da chikungunya no Estado<\/strong><\/p>\n<p>O objetivo \u00e9 ser um local funcional, com identidade regional. A edifica\u00e7\u00e3o ter\u00e1 \u00e1rea coberta de 265,58 m\u00b2 e contar\u00e1 com recep\u00e7\u00e3o, dois banheiros, seis escrit\u00f3rios, copa, refeit\u00f3rio, alojamentos masculino e feminino com banheiros, garagem e \u00e1rea externa.<\/p>\n<p>A estrutura funcionar\u00e1 tamb\u00e9m como base operacional do projeto. Lan\u00e7ado em 2021, o programa realiza monitoramento permanente e desenvolve a\u00e7\u00f5es para reduzir o atropelamento de animais silvestres.<\/p>\n<p><strong>Asfalto e recapeamento<\/strong><\/p>\n<p>Para melhorar a infraestrutura urbana da cidade, o governador entregou a pavimenta\u00e7\u00e3o, drenagem e servi\u00e7os de conten\u00e7\u00e3o de assoreamento no bairro Atl\u00e2ntico, no valor de R$ 7,8 milh\u00f5es. Foram contempladas as ruas Santana do Para\u00edso, Rom\u00e1rio Gon\u00e7alves da Cruz, Travessa A, Volunt\u00e1rios da P\u00e1tria, Senador Finto Muller e 15 de Novembro.<\/p>\n<p>Tamb\u00e9m foi assinada a licita\u00e7\u00e3o para o recapeamento de diversas ruas da cidade. Entre elas dos bairros BNH e Jardim Andr\u00e9ia. A obra est\u00e1 inserida no programa MS Ativo. V\u00e3o receber melhorias a avenida Brasil e a MS-178 (Sa\u00edda p\/ Jardim), al\u00e9m das ruas Cel. Pilad Rebu\u00e1, P\u00e9rsio Schamman, 29 de Maio, Gal. Os\u00f3rio, Rua das Flores, Nestor Fernandes, Nova Jerusal\u00e9m, Bongiovani, Nossa Sra. Aparecida, 24 de Fevereiro, Lu\u00eds da Costa Leite, Monte Castelo, Ol\u00edvio Flores, Ol\u00edvio Jacques, Geraldo Leite, Dois de Outubro e Ari da Silva Machado.<\/p>\n<p>\u201cInvestimentos importantes que se conectam. Havia necessidade de infraestrutura de qualidade para potencializar o que Bonito tem de melhor. Economia e melhorias que transformam a vida da popula\u00e7\u00e3o. Prosperidade e inclus\u00e3o. O que faz a diferen\u00e7a na vida das pessoas\u201d, explicou o governador.<\/p>\n<p><strong>Educa\u00e7\u00e3o e esporte<\/strong><\/p>\n<p>A educa\u00e7\u00e3o e esporte de Bonito tamb\u00e9m fazem parte do pacote. Foi entregue durante a agenda a reforma da Escola Estadual Bonif\u00e1cio Camargo Gomes, que ainda contou com a amplia\u00e7\u00e3o de um bloco com cinco salas de aula. S\u00e3o investimentos de R$ 3,3 milh\u00f5es, incluindo a entrega de equipamentos.<\/p>\n<p>S\u00e3o R$ 983,9 mil de investimento. A unidade \u00e9 respons\u00e1vel pelo atendimento de 836 estudantes do Ensino Fundamental e M\u00e9dio, com a oferta de turmas parciais e no sistema integral. Para fomentar o esporte e lazer, foi inaugurada a reforma do Gin\u00e1sio Municipal de Esportes Juscelino Kubitschek, por meio da Fundesporte, no valor de R$ 1,7 milh\u00e3o. A estrutura foi entregue a popula\u00e7\u00e3o, que esperava por este equipamento.<\/p>\n<p><strong>Saneamento<\/strong><\/p>\n<p>Uma das prioridades do Governo do Estado, o saneamento tamb\u00e9m est\u00e1 em ascens\u00e3o em Bonito. Foi autorizado a obra de amplia\u00e7\u00e3o do sistema de esgotamento sanit\u00e1rio do munic\u00edpio. Com investimento previsto de R$ 1,7 milh\u00e3o, via Sanesul, os servi\u00e7os incluem implanta\u00e7\u00e3o 4.200 metros de rede coletora, 300 novas liga\u00e7\u00f5es domiciliares, assim como a constru\u00e7\u00e3o de uma esta\u00e7\u00e3o elevat\u00f3ria de esgoto na Rua Nossa Senhora Aparecida, para atender os moradores do Condom\u00ednio Solar dos Lagos.<\/p>\n<p>Tamb\u00e9m foi aberto a concorr\u00eancia por meio da Sanesul, para ampliar o sistema de abastecimento de \u00e1gua de Bonito, na regi\u00e3o do bairro Rinc\u00e3o Bonito e Loteamento Misae.<\/p>\n<p><strong>Vistorias<\/strong><\/p>\n<p>O governador aproveitou a agenda para vistoriar v\u00e1rias obras de infraestrutura urbana na regi\u00e3o, que est\u00e3o em andamento. Ele passou nas obras de pavimenta\u00e7\u00e3o e drenagem dos bairros Jardim Am\u00e9rica, Vila Jaragu\u00e1 e bairro Portal do Rio Formoso, e tamb\u00e9m na obra\u00a0de pavimenta\u00e7\u00e3o asf\u00e1ltica e drenagem no Bairro Vila Am\u00e9rica.<\/p>\n<p>Riedel tamb\u00e9m passou na obra de pavimenta\u00e7\u00e3o asf\u00e1ltica e drenagem no bairro Jardim das Flores. \u201cEstamos aqui fiscalizando as obras de infraestrutura e aqui em Bonito sempre com aquele cuidado ambiental. O munic\u00edpio segue rumo ao 100% de asfalto\u201d, descreveu Riedel.<\/p>\n<p><em>Leonardo Rocha, Comunica\u00e7\u00e3o Governo de MS<\/em><br \/><em>Fotos: \u00c1lvaro Rezende\/Secom-MS<\/em><\/p>\n<\/div>\n","protected":false},"excerpt":{"rendered":"<p>O governador Eduardo Riedel entregou e lan\u00e7ou um pacote de obras em Bonito, nesta sexta-feira&#8230;<\/p>\n","protected":false},"author":2,"featured_media":0,"comment_status":"","ping_status":"","sticky":false,"template":"","format":"standard","meta":{"footnotes":""},"categories":[2],"tags":[],"class_list":["post-42179","post","type-post","status-publish","format-standard","hentry","category-jogos-ao-vivo"],"amp_enabled":true,"_links":{"self":[{"href":"https:\/\/ipatingafc.com.br\/index.php\/wp-json\/wp\/v2\/posts\/42179","targetHints":{"allow":["GET"]}}],"collection":[{"href":"https:\/\/ipatingafc.com.br\/index.php\/wp-json\/wp\/v2\/posts"}],"about":[{"href":"https:\/\/ipatingafc.com.br\/index.php\/wp-json\/wp\/v2\/types\/post"}],"author":[{"embeddable":true,"href":"https:\/\/ipatingafc.com.br\/index.php\/wp-json\/wp\/v2\/users\/2"}],"replies":[{"embeddable":true,"href":"https:\/\/ipatingafc.com.br\/index.php\/wp-json\/wp\/v2\/comments?post=42179"}],"version-history":[{"count":0,"href":"https:\/\/ipatingafc.com.br\/index.php\/wp-json\/wp\/v2\/posts\/42179\/revisions"}],"wp:attachment":[{"href":"https:\/\/ipatingafc.com.br\/index.php\/wp-json\/wp\/v2\/media?parent=42179"}],"wp:term":[{"taxonomy":"category","embeddable":true,"href":"https:\/\/ipatingafc.com.br\/index.php\/wp-json\/wp\/v2\/categories?post=42179"},{"taxonomy":"post_tag","embeddable":true,"href":"https:\/\/ipatingafc.com.br\/index.php\/wp-json\/wp\/v2\/tags?post=42179"}],"curies":[{"name":"wp","href":"https:\/\/api.w.org\/{rel}","templated":true}]}}