{"id":42183,"date":"2026-04-26T10:55:44","date_gmt":"2026-04-26T13:55:44","guid":{"rendered":"https:\/\/ipatingafc.com.br\/index.php\/2026\/04\/26\/agencia-minas-gerais-governo-de-minas-anuncia-mais-de-r-300-milhoes-em-obras-de-infraestrutura-rodoviaria-para-municipios-do-triangulo-mineiro\/"},"modified":"2026-04-26T10:55:44","modified_gmt":"2026-04-26T13:55:44","slug":"agencia-minas-gerais-governo-de-minas-anuncia-mais-de-r-300-milhoes-em-obras-de-infraestrutura-rodoviaria-para-municipios-do-triangulo-mineiro","status":"publish","type":"post","link":"https:\/\/ipatingafc.com.br\/index.php\/2026\/04\/26\/agencia-minas-gerais-governo-de-minas-anuncia-mais-de-r-300-milhoes-em-obras-de-infraestrutura-rodoviaria-para-municipios-do-triangulo-mineiro\/","title":{"rendered":"Ag\u00eancia Minas Gerais | Governo de Minas anuncia mais de R$ 300 milh\u00f5es em obras de infraestrutura rodovi\u00e1ria para munic\u00edpios do Tri\u00e2ngulo Mineiro"},"content":{"rendered":"<p><\/p>\n<div>\n<p>O governador Mateus Sim\u00f5es anunciou, na tarde deste s\u00e1bado (25\/4), investimentos superiores a R$ 300 milh\u00f5es em 16 obras rodovi\u00e1rias, no Tri\u00e2ngulo Mineiro. O an\u00fancio ocorreu logo ap\u00f3s reuni\u00e3o com autoridades municipais, na Pra\u00e7a de Servi\u00e7os do Governo Presente, em Uberaba, capital provis\u00f3ria do estado, at\u00e9 este domingo (26\/4).<\/p>\n<p>\u201cGostaria de come\u00e7ar anunciando o que ficou definido, em termos de cronograma, para ordem de servi\u00e7os ainda em 2026: recupera\u00e7\u00e3o da ponte Delta a Igarapava; terceiras faixas da AMG-2545, acesso \u00e0 Ver\u00edssimo; recupera\u00e7\u00e3o de asfalto em estradas de munic\u00edpios como Itapajipe, Frutal, Planura e Pirajuba; al\u00e9m da libera\u00e7\u00e3o de recursos para obras em Concei\u00e7\u00e3o das Alagoas a Campo Florido\u201d, anunciou o governador.<\/p>\n<p><strong>Investimentos para 2027 e 2028<\/strong><\/p>\n<p>\u201cS\u00e3o 16 obras ao final, entendendo a prioridade de cada uma, analisando qual \u00e9 a mais importante em cada momento, negociando com prefeitos e deputados para que a gente possa atender a todos e, principalmente, \u00e0 popula\u00e7\u00e3o dessas regi\u00f5es\u201d, explicou Sim\u00f5es.<\/p>\n<p>Para 2027, est\u00e3o previstas obras como o contorno vi\u00e1rio de Ibi\u00e1, o trevo de Tapira, na BR-146, obras na MG-426 e MG-493, em Iturama. Ainda para Iturama, tamb\u00e9m est\u00e3o previstas interven\u00e7\u00f5es pr\u00f3ximas ao pres\u00eddio da cidade, al\u00e9m de obras em pontes da MG-428, que possuem limita\u00e7\u00e3o de carga.<\/p>\n<p>\u201cJ\u00e1 para 2028, o in\u00edcio da obra mais esperada da regi\u00e3o, que \u00e9 a interven\u00e7\u00e3o de Medeiros &#8211; Pratinha, estimada em R$ 170 milh\u00f5es\u201d, concluiu o governador.<\/p>\n<p><strong>Pra\u00e7a de Servi\u00e7os<\/strong><\/p>\n<p>O governador Mateus Sim\u00f5es aproveitou as agendas deste s\u00e1bado (25\/4) em Uberaba e tamb\u00e9m esteve na Pra\u00e7a de Servi\u00e7os do Governo Presente. Por l\u00e1, ele conferiu de perto a presta\u00e7\u00e3o de servi\u00e7os como emiss\u00e3o da nova Carteira Nacional de Identidade (CNI), castra\u00e7\u00e3o de c\u00e3es e gatos, regulariza\u00e7\u00e3o de servi\u00e7os da Cemig e Copasa, al\u00e9m de dar um passeio pela feira dos produtores da Emater-MG.<\/p>\n<p>A a\u00e7\u00e3o, realizada na Pra\u00e7a Nossa Senhora da Abadia, em Uberaba, ocorre tamb\u00e9m neste domingo (26\/4), de 9h \u00e0s 16h, e a popula\u00e7\u00e3o uberabense poder\u00e1 contar, mais uma vez, com os servi\u00e7os prestados por diversos \u00f3rg\u00e3os do estado bem de perto.<\/p>\n<p>\u00a0<\/p>\n<\/p><\/div>\n","protected":false},"excerpt":{"rendered":"<p>O governador Mateus Sim\u00f5es anunciou, na tarde deste s\u00e1bado (25\/4), investimentos superiores a R$ 300&#8230;<\/p>\n","protected":false},"author":2,"featured_media":0,"comment_status":"","ping_status":"","sticky":false,"template":"","format":"standard","meta":{"footnotes":""},"categories":[2],"tags":[],"class_list":["post-42183","post","type-post","status-publish","format-standard","hentry","category-jogos-ao-vivo"],"amp_enabled":true,"_links":{"self":[{"href":"https:\/\/ipatingafc.com.br\/index.php\/wp-json\/wp\/v2\/posts\/42183","targetHints":{"allow":["GET"]}}],"collection":[{"href":"https:\/\/ipatingafc.com.br\/index.php\/wp-json\/wp\/v2\/posts"}],"about":[{"href":"https:\/\/ipatingafc.com.br\/index.php\/wp-json\/wp\/v2\/types\/post"}],"author":[{"embeddable":true,"href":"https:\/\/ipatingafc.com.br\/index.php\/wp-json\/wp\/v2\/users\/2"}],"replies":[{"embeddable":true,"href":"https:\/\/ipatingafc.com.br\/index.php\/wp-json\/wp\/v2\/comments?post=42183"}],"version-history":[{"count":0,"href":"https:\/\/ipatingafc.com.br\/index.php\/wp-json\/wp\/v2\/posts\/42183\/revisions"}],"wp:attachment":[{"href":"https:\/\/ipatingafc.com.br\/index.php\/wp-json\/wp\/v2\/media?parent=42183"}],"wp:term":[{"taxonomy":"category","embeddable":true,"href":"https:\/\/ipatingafc.com.br\/index.php\/wp-json\/wp\/v2\/categories?post=42183"},{"taxonomy":"post_tag","embeddable":true,"href":"https:\/\/ipatingafc.com.br\/index.php\/wp-json\/wp\/v2\/tags?post=42183"}],"curies":[{"name":"wp","href":"https:\/\/api.w.org\/{rel}","templated":true}]}}