{"id":42191,"date":"2026-04-26T13:44:46","date_gmt":"2026-04-26T16:44:46","guid":{"rendered":"https:\/\/ipatingafc.com.br\/index.php\/2026\/04\/26\/autoridades-dos-eua-identificam-autor-de-atentado-contra-trump\/"},"modified":"2026-04-26T13:44:46","modified_gmt":"2026-04-26T16:44:46","slug":"autoridades-dos-eua-identificam-autor-de-atentado-contra-trump","status":"publish","type":"post","link":"https:\/\/ipatingafc.com.br\/index.php\/2026\/04\/26\/autoridades-dos-eua-identificam-autor-de-atentado-contra-trump\/","title":{"rendered":"Autoridades dos EUA identificam autor de atentado contra Trump"},"content":{"rendered":"<p><\/p>\n<div wp_automatic_readability=\"51.559251559252\">\n<p>O homem preso por atirar contra o presidente dos Estados Unidos, Donald Trump, na noite de s\u00e1bado (25), foi identificado pelas autoridades do pa\u00eds como\u00a0Cole Tomas Allen, segundo informa\u00e7\u00f5es da ag\u00eancia de not\u00edcias Reuters.<\/p>\n<p>Os disparos foram efetuados\u00a0durante um jantar\u00a0em um hotel, em Washington, onde Trump recebia\u00a0jornalistas que atuam como correspondentes na Casa Branca.<\/p>\n<p>Informa\u00e7\u00f5es preliminares\u00a0apontam que Allen\u00a0\u00e9 \u201cum homem da regi\u00e3o de Los Angeles que, segundo aparenta em redes sociais, \u00e9 graduado pelo Caltech e trabalha como professor em meio per\u00edodo e desenvolvedor de jogos\u201d.<\/p>\n<p><strong>Hipertens\u00e3o: silenciosa e heredit\u00e1ria, doen\u00e7a pede mudan\u00e7a de h\u00e1bitos<\/strong><\/p>\n<p><strong>Como \u00e9 voar de Embraer 195 da Azul: experi\u00eancia real no E1 e no E2 e Espa\u00e7o Extra<\/strong><\/p>\n<p>Segundo as autoridades, ele tem\u00a031 anos\u00a0e reside em Torrance, na Calif\u00f3rnia.\u00a0<\/p>\n<h2>Reforma da Casa Branca<\/h2>\n<p>Ap\u00f3s o ataque, Trump usou as redes sociais para associar o caso \u00e0 necessidade de reforma da Casa Branca. Trump defende a constru\u00e7\u00e3o de um sal\u00e3o de baile no pr\u00e9dio hist\u00f3rico, obra\u00a0que foi questionada na Justi\u00e7a.<\/p>\n<p>\u201cTodos os presidentes, nos \u00faltimos 150 anos, v\u00eam exigindo a constru\u00e7\u00e3o de um grande, seguro e protegido sal\u00e3o de baile nos terrenos da Casa Branca. Esse evento jamais teria ocorrido com o Sal\u00e3o de Baile militar de n\u00edvel m\u00e1ximo de sigilo\u201d, argumentou.<\/p>\n<p>\u201cO processo judicial rid\u00edculo sobre o sal\u00e3o de baile, movido por uma mulher que passeava com seu cachorro e que absolutamente n\u00e3o tem legitimidade para apresentar tal a\u00e7\u00e3o, deve ser arquivado imediatamente. Nada deve ser permitido a interferir em sua constru\u00e7\u00e3o\u201d, acrescentou.<\/p>\n<p><strong>Isen\u00e7\u00e3o para quem ganha R$ 5 mil vale para a declara\u00e7\u00e3o do IR 2026?<\/strong><\/p>\n<p><strong>Banco do Brasil lan\u00e7a conta digital para uso em Portugal<\/strong><\/p>\n<p>A obra tem tido seu cronograma adiado por conta do processo citado por Trump.<\/p>\n<p><em>*Com informa\u00e7\u00f5es da Reuters.<\/em><\/p>\n<\/div>\n","protected":false},"excerpt":{"rendered":"<p>O homem preso por atirar contra o presidente dos Estados Unidos, Donald Trump, na noite&#8230;<\/p>\n","protected":false},"author":2,"featured_media":0,"comment_status":"","ping_status":"","sticky":false,"template":"","format":"standard","meta":{"footnotes":""},"categories":[2],"tags":[],"class_list":["post-42191","post","type-post","status-publish","format-standard","hentry","category-jogos-ao-vivo"],"amp_enabled":true,"_links":{"self":[{"href":"https:\/\/ipatingafc.com.br\/index.php\/wp-json\/wp\/v2\/posts\/42191","targetHints":{"allow":["GET"]}}],"collection":[{"href":"https:\/\/ipatingafc.com.br\/index.php\/wp-json\/wp\/v2\/posts"}],"about":[{"href":"https:\/\/ipatingafc.com.br\/index.php\/wp-json\/wp\/v2\/types\/post"}],"author":[{"embeddable":true,"href":"https:\/\/ipatingafc.com.br\/index.php\/wp-json\/wp\/v2\/users\/2"}],"replies":[{"embeddable":true,"href":"https:\/\/ipatingafc.com.br\/index.php\/wp-json\/wp\/v2\/comments?post=42191"}],"version-history":[{"count":0,"href":"https:\/\/ipatingafc.com.br\/index.php\/wp-json\/wp\/v2\/posts\/42191\/revisions"}],"wp:attachment":[{"href":"https:\/\/ipatingafc.com.br\/index.php\/wp-json\/wp\/v2\/media?parent=42191"}],"wp:term":[{"taxonomy":"category","embeddable":true,"href":"https:\/\/ipatingafc.com.br\/index.php\/wp-json\/wp\/v2\/categories?post=42191"},{"taxonomy":"post_tag","embeddable":true,"href":"https:\/\/ipatingafc.com.br\/index.php\/wp-json\/wp\/v2\/tags?post=42191"}],"curies":[{"name":"wp","href":"https:\/\/api.w.org\/{rel}","templated":true}]}}