{"id":42203,"date":"2026-04-26T18:31:49","date_gmt":"2026-04-26T21:31:49","guid":{"rendered":"https:\/\/ipatingafc.com.br\/index.php\/2026\/04\/26\/alckmin-anuncia-r-10-bilhoes-para-modernizacao-de-maquinas-agricolas\/"},"modified":"2026-04-26T18:31:49","modified_gmt":"2026-04-26T21:31:49","slug":"alckmin-anuncia-r-10-bilhoes-para-modernizacao-de-maquinas-agricolas","status":"publish","type":"post","link":"https:\/\/ipatingafc.com.br\/index.php\/2026\/04\/26\/alckmin-anuncia-r-10-bilhoes-para-modernizacao-de-maquinas-agricolas\/","title":{"rendered":"Alckmin anuncia R$ 10 bilh\u00f5es para moderniza\u00e7\u00e3o de m\u00e1quinas agr\u00edcolas"},"content":{"rendered":"<p><\/p>\n<div wp_automatic_readability=\"77.728607232367\">\n<p>O vice-presidente da Rep\u00fablica, Geraldo Alckmin, anunciou neste domingo (26) a cria\u00e7\u00e3o de uma nova linha de R$ 10 bilh\u00f5es em cr\u00e9dito para a moderniza\u00e7\u00e3o de m\u00e1quinas e implementos agr\u00edcolas.<\/p>\n<p>O an\u00fancio foi feito durante a abertura da Agrishow, em Ribeir\u00e3o Preto (SP). Os recursos integram uma nova modalidade do programa MOVE Brasil, voltada ao setor agropecu\u00e1rio.<\/p>\n<p>\u201cS\u00e3o R$ 10 bilh\u00f5es para financiar trator, implementos, colheitadeiras, toda a parte de m\u00e1quinas agr\u00edcolas. Pela pr\u00f3pria Finep, diretamente, ou pelos parceiros: cooperativas, bancos privados e o Banco do Brasil\u201d, disse Alckmin.<\/p>\n<p><strong>Hiperglobaliza\u00e7\u00e3o est\u00e1 em crise, diz economista Eduardo Giannetti<\/strong><\/p>\n<p><strong>Roseli, irm\u00e3 de Gusttavo Lima, desabafa sobre vida simples e diz que n\u00e3o recebe ajuda do cantor<\/strong><\/p>\n<p>Ele destacou que os recursos ser\u00e3o disponibilizados no prazo de tr\u00eas semanas, \u201ccom juros bem mais baixos para poder financiar a moderniza\u00e7\u00e3o e a troca de m\u00e1quinas e equipamentos\u201d.<\/p>\n<h2>Renegocia\u00e7\u00e3o de d\u00edvidas rurais<\/h2>\n<p>O vice-presidente afirmou\u00a0ainda\u00a0que o governo prepara um programa de renegocia\u00e7\u00e3o de d\u00edvidas rurais, medida que, segundo ele, pretende contemplar produtores inadimplentes e adimplentes. O objetivo \u00e9 ampliar a capacidade de investimento e a competitividade do setor.<\/p>\n<p>\u201cO governo vai tratar dessa quest\u00e3o. Para quem est\u00e1 inadimplente e at\u00e9 para quem est\u00e1 adimplente, vai ter um empenho na renegocia\u00e7\u00e3o das d\u00edvidas\u201d, antecipou.<\/p>\n<p>A nova linha segue o modelo do MOVE Brasil lan\u00e7ado para renova\u00e7\u00e3o da frota de caminh\u00f5es, em janeiro deste ano.\u00a0Segundo o vice-presidente, o cr\u00e9dito foi esgotado em cerca de 60 dias.<\/p>\n<p><strong>ANP aprova estudos sobre bloco no pr\u00e9-sal da Bacia de Santos<\/strong><\/p>\n<p><strong>Inhotim celebra 20 anos com inaugura\u00e7\u00e3o de tr\u00eas novas obras<\/strong><\/p>\n<h2>Cr\u00e9dito e inova\u00e7\u00e3o<\/h2>\n<p>A nova modalidade do MOVE Brasil utilizar\u00e1 recursos do super\u00e1vit do Fundo Nacional de Desenvolvimento Cient\u00edfico e Tecnol\u00f3gico, sob gest\u00e3o da Finep, com foco em conte\u00fado nacional, inova\u00e7\u00e3o e pesquisa e desenvolvimento.<\/p>\n<p>A previs\u00e3o \u00e9 que os financiamentos estejam dispon\u00edveis em 20 a 30 dias.<\/p>\n<p>Pela primeira vez, cooperativas agr\u00edcolas poder\u00e3o acessar diretamente cr\u00e9dito da Finep para financiar m\u00e1quinas, equipamentos e solu\u00e7\u00f5es de agricultura digital.<\/p>\n<h2>Avalia\u00e7\u00e3o de ministros<\/h2>\n<p>Durante o evento, a ministra do Desenvolvimento Agr\u00e1rio e Agricultura Familiar, Fernanda Machiavelli, afirmou que a iniciativa contribui para a mecaniza\u00e7\u00e3o e a tecnifica\u00e7\u00e3o da agricultura familiar, com apoio da ind\u00fastria nacional.<\/p>\n<p>J\u00e1 o ministro da Agricultura e Pecu\u00e1ria, Andr\u00e9 de Paula, destacou que o setor deve ser impulsionado pela entrada em vigor do acordo Mercosul\u2013Uni\u00e3o Europeia, prevista\u00a0para 1\u00ba de maio, com redu\u00e7\u00e3o tarif\u00e1ria para produtos agropecu\u00e1rios.<\/p>\n<\/div>\n","protected":false},"excerpt":{"rendered":"<p>O vice-presidente da Rep\u00fablica, Geraldo Alckmin, anunciou neste domingo (26) a cria\u00e7\u00e3o de uma nova&#8230;<\/p>\n","protected":false},"author":2,"featured_media":0,"comment_status":"","ping_status":"","sticky":false,"template":"","format":"standard","meta":{"footnotes":""},"categories":[2],"tags":[],"class_list":["post-42203","post","type-post","status-publish","format-standard","hentry","category-jogos-ao-vivo"],"amp_enabled":true,"_links":{"self":[{"href":"https:\/\/ipatingafc.com.br\/index.php\/wp-json\/wp\/v2\/posts\/42203","targetHints":{"allow":["GET"]}}],"collection":[{"href":"https:\/\/ipatingafc.com.br\/index.php\/wp-json\/wp\/v2\/posts"}],"about":[{"href":"https:\/\/ipatingafc.com.br\/index.php\/wp-json\/wp\/v2\/types\/post"}],"author":[{"embeddable":true,"href":"https:\/\/ipatingafc.com.br\/index.php\/wp-json\/wp\/v2\/users\/2"}],"replies":[{"embeddable":true,"href":"https:\/\/ipatingafc.com.br\/index.php\/wp-json\/wp\/v2\/comments?post=42203"}],"version-history":[{"count":0,"href":"https:\/\/ipatingafc.com.br\/index.php\/wp-json\/wp\/v2\/posts\/42203\/revisions"}],"wp:attachment":[{"href":"https:\/\/ipatingafc.com.br\/index.php\/wp-json\/wp\/v2\/media?parent=42203"}],"wp:term":[{"taxonomy":"category","embeddable":true,"href":"https:\/\/ipatingafc.com.br\/index.php\/wp-json\/wp\/v2\/categories?post=42203"},{"taxonomy":"post_tag","embeddable":true,"href":"https:\/\/ipatingafc.com.br\/index.php\/wp-json\/wp\/v2\/tags?post=42203"}],"curies":[{"name":"wp","href":"https:\/\/api.w.org\/{rel}","templated":true}]}}