{"id":42212,"date":"2026-04-26T22:37:45","date_gmt":"2026-04-27T01:37:45","guid":{"rendered":"https:\/\/ipatingafc.com.br\/index.php\/2026\/04\/26\/hiperglobalizacao-esta-em-crise-diz-economista-eduardo-giannetti\/"},"modified":"2026-04-26T22:37:45","modified_gmt":"2026-04-27T01:37:45","slug":"hiperglobalizacao-esta-em-crise-diz-economista-eduardo-giannetti","status":"publish","type":"post","link":"https:\/\/ipatingafc.com.br\/index.php\/2026\/04\/26\/hiperglobalizacao-esta-em-crise-diz-economista-eduardo-giannetti\/","title":{"rendered":"Hiperglobaliza\u00e7\u00e3o est\u00e1 em crise, diz economista Eduardo Giannetti"},"content":{"rendered":"<p><\/p>\n<div wp_automatic_readability=\"139.60385479042\">\n<p>A desestabiliza\u00e7\u00e3o de rotas comerciais como Estreito de Ormuz e a guerra tarif\u00e1ria promovida pelos Estados Unidos s\u00e3o sinais de uma ordem econ\u00f4mica que chega ao fim, na avalia\u00e7\u00e3o do escritor e economista Eduardo Giannetti.\u00a0<\/p>\n<p>Em entrevista \u00e0 <strong>TV Brasil<\/strong> que ser\u00e1 exibida no <em>Rep\u00f3rter Brasil<\/em>, edi\u00e7\u00e3o das 19h, na segunda (27) e na ter\u00e7a (28), o especialista aborda diversos temas que fazem parte de um cen\u00e1rio internacional marcado por crises e guerras.<\/p>\n<p>\u201cAs consultorias internacionais mostram que, para 180 produtos cr\u00edticos das cadeias globais de produ\u00e7\u00e3o, h\u00e1 dois ou tr\u00eas fornecedores no mundo. Se voc\u00ea olhar, Taiwan responde por 90% da produ\u00e7\u00e3o dos chips mais avan\u00e7ados. Ent\u00e3o, a partir dessa constata\u00e7\u00e3o, h\u00e1 uma busca por diversifica\u00e7\u00e3o e seguran\u00e7a\u201d, resume o economista.\u00a0<\/p>\n<p><strong>Justi\u00e7a concede medidas protetivas a Nat\u00e1lia Guimar\u00e3es e Leandro, do KLB<\/strong><\/p>\n<p><strong>Bombeiros do RJ realizaram mais de 8 mil salvamentos no mar em 2026<\/strong><\/p>\n<blockquote wp_automatic_readability=\"9\">\n<p>\u201cN\u00e3o \u00e9 mais a l\u00f3gica fria de hiperglobaliza\u00e7\u00e3o, que era custo de produ\u00e7\u00e3o mais baixo, escala, efici\u00eancia e concentra\u00e7\u00e3o num \u00fanico fornecedor. Mudou\u201d.\u00a0<\/p>\n<\/blockquote>\n<h2>Financeiriza\u00e7\u00e3o<\/h2>\n<p>Eduardo Giannetti relaciona o fim da hiperglobaliza\u00e7\u00e3o a fatos hist\u00f3ricos como a crise financeira de 2008 e a Covid. E ressalta a financeiriza\u00e7\u00e3o do per\u00edodo.\u00a0<\/p>\n<p>\u201cQuando n\u00f3s entramos na hiperglobaliza\u00e7\u00e3o, havia mais ou menos 1 d\u00f3lar de ativo financeiro para 1 d\u00f3lar de PIB. Hoje n\u00f3s estamos com 9 a 12 d\u00f3lares de ativo financeiro para 1 d\u00f3lar de PIB\u201d, compara.\u00a0<\/p>\n<p>Giannetti acrescenta que s\u00f3 a valoriza\u00e7\u00e3o das a\u00e7\u00f5es na bolsa americana, de 2022 a 2026, \u00e9 algo em torno de 2 trilh\u00f5es de d\u00f3lares. E metade desse valor est\u00e1 em 10 empresas ligadas \u00e0 tecnologia da informa\u00e7\u00e3o e intelig\u00eancia artificial.<\/p>\n<p><strong>Movimento escoteiro re\u00fane mais de 4 mil pessoas em evento no Rio<\/strong><\/p>\n<p><strong>Banco Inter pode perder sala VIP exclusiva em Guarulhos e futuro do espa\u00e7o entra em disputa<\/strong><\/p>\n<p><strong>Para o economista, no entanto, o dado mais importante do per\u00edodo econ\u00f4mico que chega ao fim talvez seja a entrada no mercado de trabalho e consumo de centenas de milhares de trabalhadores asi\u00e1ticos de \u00e1reas rurais de pa\u00edses como China, \u00cdndia, Vietn\u00e3 e Indon\u00e9sia.<\/strong><\/p>\n<p>Antes totalmente exclu\u00eddos da economia mundial, com a hiperglobaliza\u00e7\u00e3o, em pouco tempo, eles se urbanizaram e encontraram empregos.\u00a0<\/p>\n<blockquote wp_automatic_readability=\"13\">\n<p>\u201cIsso, para a classe trabalhadora ocidental, foi devastador, porque o poder de negocia\u00e7\u00e3o, de afirma\u00e7\u00e3o de direitos e interesses\u00a0ficou seriamente tolhido pelo fato de que, se come\u00e7ou a dar problema em Detroit, fecha Detroit e abre Xangai\u201d.\u00a0<\/p>\n<\/blockquote>\n<h2>Extrema direita<\/h2>\n<p>Com a China respondendo por um ter\u00e7o da produ\u00e7\u00e3o industrial do mundo, ele tamb\u00e9m destaca a melhoria da vida de sua popula\u00e7\u00e3o:\u00a0<\/p>\n<p>\u201cS\u00e3o centenas de milh\u00f5es de seres humanos que sa\u00edram da mis\u00e9ria e entraram no mundo moderno. Agora, isso gerou uma tremenda instabilidade social e pol\u00edtica.\u201d<\/p>\n<p>A ascens\u00e3o da extrema direita, acredita, seria em grande medida o ressentimento da classe trabalhadora e da classe m\u00e9dia ocidental com essa perda de seguran\u00e7a e de poder de barganha.<\/p>\n<p>\u201cN\u00e3o \u00e9 s\u00f3 isso, mas isso \u00e9 um fator de primeira ordem. O que \u00e9 muito curioso \u00e9 que essa ascens\u00e3o da direita raivosa, populista, nacionalista, n\u00e3o \u00e9 um fen\u00f4meno isolado. \u00c9 como nos anos 30 do S\u00e9culo 20. Ela acontece em muitos pa\u00edses ao mesmo tempo\u201d, analisa.<\/p>\n<h2>Trunfo do Brasil<\/h2>\n<p>Com o fim da hiperglobaliza\u00e7\u00e3o, o pa\u00eds tem a oportunidade hist\u00f3rica de se repensar e se reposicionar economicamente, acredita o economista.\u00a0<\/p>\n<p>\u201cAgora, o mundo vai buscar seguran\u00e7a, diversifica\u00e7\u00e3o, e n\u00f3s temos uma dota\u00e7\u00e3o de recursos naturais e de amenidades ambientais e de energia, de mat\u00e9rias primas e de minerais, que o mundo vai precisar dramaticamente. A gente tem que saber usar esse ativo a nosso favor.\u201d<\/p>\n<p>O economista sublinha a biodiversidade como um dos trunfos do Brasil, que conta com grande potencial para atender \u00e0 demanda crescente por alimentos, minerais cr\u00edticos e terras raras.\u00a0<\/p>\n<p>\u201cO que a gente tem que saber \u00e9 aproveitar essas vantagens comparativas, industrializando-as para n\u00e3o virar exportador de bens prim\u00e1rios \u2018in natura\u2019, que \u00e9 um caminho muito limitado, muito curto. O fato de haver pot\u00eancias disputando entre si o acesso a isso que n\u00f3s temos nos ajuda demais, porque n\u00f3s podemos negociar termos melhores\u201d, pontua.<\/p>\n<h2>Mudan\u00e7as clim\u00e1ticas<\/h2>\n<p>Al\u00e9m do fim da hiperglobaliza\u00e7\u00e3o, Giannetti tamb\u00e9m destaca que a humanidade atravessa uma crise civilizat\u00f3ria. Para ele, as mudan\u00e7as clim\u00e1ticas s\u00e3o a maior amea\u00e7a \u00e0 esp\u00e9cie humana no S\u00e9culo 21, que vem acompanhada de negacionismo.<\/p>\n<p>\u201c\u00c9 muito confort\u00e1vel voc\u00ea fingir que o problema n\u00e3o existe. S\u00f3 que os governos podem ignorar a quest\u00e3o clim\u00e1tica o quanto eles quiserem, mas a quest\u00e3o clim\u00e1tica n\u00e3o vai ignor\u00e1-los e n\u00e3o vai nos ignorar. A realidade da mudan\u00e7a clim\u00e1tica hoje \u00e9 incontorn\u00e1vel pela frequ\u00eancia de eventos clim\u00e1ticos extremos.\u201d\u00a0<\/p>\n<p>Trata-se de uma quest\u00e3o a ser resolvida de dois modos, acredita o economista: pela via preventiva, de modo a minimizar os custos que de qualquer modo ser\u00e3o altos, ou pela \u201cvia dolorosa, que \u00e9 o agravamento da situa\u00e7\u00e3o a tal ponto, que se torne imperativo algum tipo de a\u00e7\u00e3o. E ai o custo ser\u00e1 muito mais alto do que precisaria ter sido\u201d, conjectura.<\/p>\n<\/div>\n","protected":false},"excerpt":{"rendered":"<p>A desestabiliza\u00e7\u00e3o de rotas comerciais como Estreito de Ormuz e a guerra tarif\u00e1ria promovida pelos&#8230;<\/p>\n","protected":false},"author":2,"featured_media":0,"comment_status":"","ping_status":"","sticky":false,"template":"","format":"standard","meta":{"footnotes":""},"categories":[2],"tags":[],"class_list":["post-42212","post","type-post","status-publish","format-standard","hentry","category-jogos-ao-vivo"],"amp_enabled":true,"_links":{"self":[{"href":"https:\/\/ipatingafc.com.br\/index.php\/wp-json\/wp\/v2\/posts\/42212","targetHints":{"allow":["GET"]}}],"collection":[{"href":"https:\/\/ipatingafc.com.br\/index.php\/wp-json\/wp\/v2\/posts"}],"about":[{"href":"https:\/\/ipatingafc.com.br\/index.php\/wp-json\/wp\/v2\/types\/post"}],"author":[{"embeddable":true,"href":"https:\/\/ipatingafc.com.br\/index.php\/wp-json\/wp\/v2\/users\/2"}],"replies":[{"embeddable":true,"href":"https:\/\/ipatingafc.com.br\/index.php\/wp-json\/wp\/v2\/comments?post=42212"}],"version-history":[{"count":0,"href":"https:\/\/ipatingafc.com.br\/index.php\/wp-json\/wp\/v2\/posts\/42212\/revisions"}],"wp:attachment":[{"href":"https:\/\/ipatingafc.com.br\/index.php\/wp-json\/wp\/v2\/media?parent=42212"}],"wp:term":[{"taxonomy":"category","embeddable":true,"href":"https:\/\/ipatingafc.com.br\/index.php\/wp-json\/wp\/v2\/categories?post=42212"},{"taxonomy":"post_tag","embeddable":true,"href":"https:\/\/ipatingafc.com.br\/index.php\/wp-json\/wp\/v2\/tags?post=42212"}],"curies":[{"name":"wp","href":"https:\/\/api.w.org\/{rel}","templated":true}]}}