{"id":42217,"date":"2026-04-27T01:01:43","date_gmt":"2026-04-27T04:01:43","guid":{"rendered":"https:\/\/ipatingafc.com.br\/index.php\/2026\/04\/27\/agencia-minas-gerais-governo-de-minas-anuncia-expansao-do-colegio-tiradentes-em-araxa-e-escola-estadual-vai-sediar-nova-unidade-3\/"},"modified":"2026-04-27T01:01:43","modified_gmt":"2026-04-27T04:01:43","slug":"agencia-minas-gerais-governo-de-minas-anuncia-expansao-do-colegio-tiradentes-em-araxa-e-escola-estadual-vai-sediar-nova-unidade-3","status":"publish","type":"post","link":"https:\/\/ipatingafc.com.br\/index.php\/2026\/04\/27\/agencia-minas-gerais-governo-de-minas-anuncia-expansao-do-colegio-tiradentes-em-araxa-e-escola-estadual-vai-sediar-nova-unidade-3\/","title":{"rendered":"Ag\u00eancia Minas Gerais | Governo de Minas anuncia expans\u00e3o do Col\u00e9gio Tiradentes em Arax\u00e1 e escola estadual vai sediar nova unidade"},"content":{"rendered":"<p><\/p>\n<div>\n<section class=\"news-related \/ col-md-4 col-lg-3 \/ margin-md-bottom-2 margin-left-1 \/ pull-right \/ hidden-xs hidden-sm\">\n<header>\n<p class=\"text-title-section \/ margin-bottom-1\">Relacionadas<\/p>\n<\/header>\n<p>\t\t\t\t\t\t\t<main><\/p>\n<hr class=\"row margin-md-bottom-2\"\/>\n\t\t\t\t\t\t\t<\/main><br \/>\n\t\t\t\t\t\t<\/section>\n<p>O governador Mateus Sim\u00f5es anunciou, neste domingo (26\/4), na Pra\u00e7a de Servi\u00e7os do Governo Presente, em Arax\u00e1, que o munic\u00edpio ser\u00e1 contemplado com uma nova unidade do Col\u00e9gio Tiradentes da Pol\u00edcia Militar (CTPM).<\/p>\n<p>\u201cQuero dizer que \u00e9 uma honra anunciar a expans\u00e3o do Col\u00e9gio Tiradentes aqui, em Arax\u00e1. E dizer que os col\u00e9gios Tiradentes s\u00e3o hoje 30 no estado de Minas Gerais e eles passam a 60 ainda esse ano com a minha autoriza\u00e7\u00e3o, por um motivo simples: os militares da Pol\u00edcia Militar e do Corpo de Bombeiros merecem que os filhos possam estudar numa escola militar, para que eles tenham seguran\u00e7a, tranquilidade e alinhamento da forma\u00e7\u00e3o dos seus filhos\u201d, disse Mateus Sim\u00f5es.<\/p>\n<p>A escola escolhida para sediar a nova unidade do Col\u00e9gio Tiradentes foi a Escola Estadual Padre Anacleto Giraldi, localizada na Rua Santo Ant\u00f4nio, 727, bairro Santo Ant\u00f4nio, em Arax\u00e1.<\/p>\n<p><strong>Vila do Artesanato<\/strong><\/p>\n<p>Dando continuidade aos compromissos oficiais na Pra\u00e7a de Servi\u00e7os, Sim\u00f5es assinou, neste domingo (26\/4), um despacho governamental referente \u00e0s obras de melhorias da Vila do Artesanato.<\/p>\n<p>\u201cAssinando aqui neste momento a determina\u00e7\u00e3o para que a Codemge j\u00e1 na pr\u00f3xima semana, publique o edital de licita\u00e7\u00e3o da nova pra\u00e7a de alimenta\u00e7\u00e3o e da extens\u00e3o da cobertura da Vila do Artesanato. Com isso, a gente chega num novo ciclo de uso daquele equipamento tur\u00edstico, mas que \u00e9 tamb\u00e9m um equipamento de uso para divers\u00e3o, lazer da popula\u00e7\u00e3o de Arax\u00e1\u201d, destacou o governador.<\/p>\n<p>Com a assinatura, ser\u00e1 publicado pela Codemge, na ter\u00e7a-feira (28\/04), o edital para obras de melhorias da Vila do Artesanato. O mesmo edital tamb\u00e9m contempla as obras para implanta\u00e7\u00e3o da estrutura da Pra\u00e7a de Alimenta\u00e7\u00e3o, no espa\u00e7o entre a Igreja e o Centro Esp\u00edrita, al\u00e9m da drenagem de uma via do Barreiro pr\u00f3xima \u00e0 futura Pra\u00e7a, local que atualmente acumula \u00e1gua em per\u00edodos chuvosos.<\/p>\n<p>Com investimento estimado em R$ 2,1 milh\u00f5es, a assinatura do contrato est\u00e1 prevista para julho, com prazo de execu\u00e7\u00e3o das obras em 6 meses e previs\u00e3o de conclus\u00e3o no fim de 2026. Essa iniciativa, refor\u00e7a o compromisso do Estado com a valoriza\u00e7\u00e3o da cultura mineira e o desenvolvimento sustent\u00e1vel, garantindo espa\u00e7os de qualidade para a comunidade e os turistas.<\/p>\n<p><strong>Queijo Super Ouro<\/strong><\/p>\n<p>O governador Mateus Sim\u00f5es tamb\u00e9m visitou o estande da Emater-MG, onde entregou uma medalha e certificado ao produtor Alexandre Honorato, que em abril deste ano, foi o vencedor nas categorias Super Ouro (Queijo Minas Artesanal de Casca Florida Natural) na Prata (Mini Minerim, com 60 dias de matura\u00e7\u00e3o).<\/p>\n<p><strong>Pra\u00e7a de Servi\u00e7os &#8211; Governo Presente<\/strong><\/p>\n<p>Finalizando os compromissos em Arax\u00e1, o governador vistoriou a Pra\u00e7a de Servi\u00e7os do Governo Presente e acompanhou as equipes de diversas \u00e1reas do Governo de Minas oferecendo servi\u00e7os gratuitos aos cidad\u00e3os, reunidos em um s\u00f3 lugar.<\/p>\n<p>A iniciativa visa facilitar o acesso a direitos b\u00e1sicos, reduzindo filas, deslocamentos e burocracias, al\u00e9m de promover escuta qualificada e atendimento humanizado.<\/p>\n<p>\u00a0<\/p>\n<p>\u00a0<\/p>\n<\/p><\/div>\n","protected":false},"excerpt":{"rendered":"<p>Relacionadas O governador Mateus Sim\u00f5es anunciou, neste domingo (26\/4), na Pra\u00e7a de Servi\u00e7os do Governo&#8230;<\/p>\n","protected":false},"author":2,"featured_media":0,"comment_status":"","ping_status":"","sticky":false,"template":"","format":"standard","meta":{"footnotes":""},"categories":[2],"tags":[],"class_list":["post-42217","post","type-post","status-publish","format-standard","hentry","category-jogos-ao-vivo"],"amp_enabled":true,"_links":{"self":[{"href":"https:\/\/ipatingafc.com.br\/index.php\/wp-json\/wp\/v2\/posts\/42217","targetHints":{"allow":["GET"]}}],"collection":[{"href":"https:\/\/ipatingafc.com.br\/index.php\/wp-json\/wp\/v2\/posts"}],"about":[{"href":"https:\/\/ipatingafc.com.br\/index.php\/wp-json\/wp\/v2\/types\/post"}],"author":[{"embeddable":true,"href":"https:\/\/ipatingafc.com.br\/index.php\/wp-json\/wp\/v2\/users\/2"}],"replies":[{"embeddable":true,"href":"https:\/\/ipatingafc.com.br\/index.php\/wp-json\/wp\/v2\/comments?post=42217"}],"version-history":[{"count":0,"href":"https:\/\/ipatingafc.com.br\/index.php\/wp-json\/wp\/v2\/posts\/42217\/revisions"}],"wp:attachment":[{"href":"https:\/\/ipatingafc.com.br\/index.php\/wp-json\/wp\/v2\/media?parent=42217"}],"wp:term":[{"taxonomy":"category","embeddable":true,"href":"https:\/\/ipatingafc.com.br\/index.php\/wp-json\/wp\/v2\/categories?post=42217"},{"taxonomy":"post_tag","embeddable":true,"href":"https:\/\/ipatingafc.com.br\/index.php\/wp-json\/wp\/v2\/tags?post=42217"}],"curies":[{"name":"wp","href":"https:\/\/api.w.org\/{rel}","templated":true}]}}