{"id":42225,"date":"2026-04-27T04:46:49","date_gmt":"2026-04-27T07:46:49","guid":{"rendered":"https:\/\/ipatingafc.com.br\/index.php\/2026\/04\/27\/com-apoio-do-governo-de-ms-expojardim-movimenta-economia-e-impulsiona-negocios-no-campo-agencia-de-noticias-do-governo-de-mato-grosso-do-sul\/"},"modified":"2026-04-27T04:46:49","modified_gmt":"2026-04-27T07:46:49","slug":"com-apoio-do-governo-de-ms-expojardim-movimenta-economia-e-impulsiona-negocios-no-campo-agencia-de-noticias-do-governo-de-mato-grosso-do-sul","status":"publish","type":"post","link":"https:\/\/ipatingafc.com.br\/index.php\/2026\/04\/27\/com-apoio-do-governo-de-ms-expojardim-movimenta-economia-e-impulsiona-negocios-no-campo-agencia-de-noticias-do-governo-de-mato-grosso-do-sul\/","title":{"rendered":"Com apoio do Governo de MS, Expojardim movimenta economia e impulsiona neg\u00f3cios no campo \u2013 Ag\u00eancia de Noticias do Governo de Mato Grosso do Sul"},"content":{"rendered":"<p><\/p>\n<div wp_automatic_readability=\"65.142585551331\">\n<p>Com uma s\u00e9rie de atividades e atra\u00e7\u00f5es culturais, a Expojardim conta com apoio do Governo de Mato Grosso do Sul e movimenta a economia jardinense, valorizando a cultura e tradi\u00e7\u00e3o da regi\u00e3o. O governador Eduardo Riedel participou da feira agropecu\u00e1ria nesta sexta-feira (24), visitou os estandes e participou das atra\u00e7\u00f5es culturais.<\/p>\n<p>\u201c\u00c9 um evento que acaba atraindo a popula\u00e7\u00e3o n\u00e3o s\u00f3 de Jardim, mas de toda a regi\u00e3o. A feira tem este car\u00e1ter de entretenimento e divers\u00e3o para popula\u00e7\u00e3o, junto com os neg\u00f3cios, leil\u00f5es, exposi\u00e7\u00e3o de insumos, maquin\u00e1rios\u201d, afirmou o governador.<\/p>\n<p>Riedel destacou ainda que a feira tamb\u00e9m traz as novas tecnologias do campo. \u201cUm refor\u00e7o no processo de consolida\u00e7\u00e3o das atividades agropecu\u00e1rias, que vem junto com a movimenta\u00e7\u00e3o da economia. A cidade fica lotada nestes dias, com movimento acima da m\u00e9dia nos hot\u00e9is, restaurantes. Mais recursos para Jardim e toda regi\u00e3o. Um evento que tem a parceria de todos.\u201d<\/p>\n<p><strong>Festa do P\u00e9 de Soja Solteiro movimentou Laguna Carap\u00e3 com tradi\u00e7\u00e3o, tecnologia e safra em alta<\/strong><\/p>\n<p><strong>Pra\u00e7a Ary Coelho virou ponto central da vacina\u00e7\u00e3o no Dia D na capital \u2013 CGNot\u00edcias<\/strong><\/p>\n<p>A feira agropecu\u00e1ria do munic\u00edpio \u00e9 uma das principais da regi\u00e3o sudoeste de Mato Grosso do Sul, acontecendo entre os dias 20 e 26 de abril neste ano. O evento re\u00fane leil\u00f5es de gado, exposi\u00e7\u00e3o de m\u00e1quinas e implementos agr\u00edcolas, vitrines tecnol\u00f3gicas, pra\u00e7a de alimenta\u00e7\u00e3o, rodeio profissional (Copa MD Bulls) e shows musicais, atraindo produtores, empres\u00e1rios e fam\u00edlias da regi\u00e3o.<\/p>\n<p>Tradicionalmente integrada \u00e0s comemora\u00e7\u00f5es do anivers\u00e1rio da cidade (14 de maio), a iniciativa fortalece o agroneg\u00f3cio local, movimenta a economia e celebra a cultura rural com atividades para todas as idades. A entrada \u00e9 gratuita, com proposta de ingresso solid\u00e1rio, mediante doa\u00e7\u00e3o de 1 kg de alimento n\u00e3o perec\u00edvel.<\/p>\n<p><strong>Agenda cheia<\/strong><\/p>\n<p>A agenda de neg\u00f3cios da Expojardim \u00e9 um dos grandes pilares desta edi\u00e7\u00e3o. Entre os dias 21 e 25 de abril,.A expectativa \u00e9 de que mais de 7 mil cabe\u00e7as de gado sejam comercializadas ao longo da semana.<\/p>\n<p><strong>Sesau informa cancelamento de evento de amamenta\u00e7\u00e3o coletiva \u2013 CGNot\u00edcias<\/strong><\/p>\n<p><strong>Guia Lopes da Laguna ganha reforma do hospital, escola e obras para qualificar infraestrutura da cidade<\/strong><\/p>\n<p>A Expojardim tamb\u00e9m fortalece o turismo e a rede de servi\u00e7os da cidade, atraindo visitantes de diferentes regi\u00f5es e promovendo uma semana de oportunidades para empres\u00e1rios, produtores e trabalhadores locais.<\/p>\n<p><em>Leonardo Rocha, Comunica\u00e7\u00e3o Governo de MS<\/em><br \/><em>Foto: \u00c1lvaro Rezende\/Secom-MS<\/em><\/p>\n<\/div>\n","protected":false},"excerpt":{"rendered":"<p>Com uma s\u00e9rie de atividades e atra\u00e7\u00f5es culturais, a Expojardim conta com apoio do Governo&#8230;<\/p>\n","protected":false},"author":2,"featured_media":0,"comment_status":"","ping_status":"","sticky":false,"template":"","format":"standard","meta":{"footnotes":""},"categories":[2],"tags":[],"class_list":["post-42225","post","type-post","status-publish","format-standard","hentry","category-jogos-ao-vivo"],"amp_enabled":true,"_links":{"self":[{"href":"https:\/\/ipatingafc.com.br\/index.php\/wp-json\/wp\/v2\/posts\/42225","targetHints":{"allow":["GET"]}}],"collection":[{"href":"https:\/\/ipatingafc.com.br\/index.php\/wp-json\/wp\/v2\/posts"}],"about":[{"href":"https:\/\/ipatingafc.com.br\/index.php\/wp-json\/wp\/v2\/types\/post"}],"author":[{"embeddable":true,"href":"https:\/\/ipatingafc.com.br\/index.php\/wp-json\/wp\/v2\/users\/2"}],"replies":[{"embeddable":true,"href":"https:\/\/ipatingafc.com.br\/index.php\/wp-json\/wp\/v2\/comments?post=42225"}],"version-history":[{"count":0,"href":"https:\/\/ipatingafc.com.br\/index.php\/wp-json\/wp\/v2\/posts\/42225\/revisions"}],"wp:attachment":[{"href":"https:\/\/ipatingafc.com.br\/index.php\/wp-json\/wp\/v2\/media?parent=42225"}],"wp:term":[{"taxonomy":"category","embeddable":true,"href":"https:\/\/ipatingafc.com.br\/index.php\/wp-json\/wp\/v2\/categories?post=42225"},{"taxonomy":"post_tag","embeddable":true,"href":"https:\/\/ipatingafc.com.br\/index.php\/wp-json\/wp\/v2\/tags?post=42225"}],"curies":[{"name":"wp","href":"https:\/\/api.w.org\/{rel}","templated":true}]}}