{"id":42226,"date":"2026-04-27T05:43:49","date_gmt":"2026-04-27T08:43:49","guid":{"rendered":"https:\/\/ipatingafc.com.br\/index.php\/2026\/04\/27\/agencia-minas-gerais-fundacao-clovis-salgado-anuncia-a-opera-chica-da-silva-em-encontro-da-associacao-das-cidades-historicas-de-minas-gerais-2\/"},"modified":"2026-04-27T05:43:49","modified_gmt":"2026-04-27T08:43:49","slug":"agencia-minas-gerais-fundacao-clovis-salgado-anuncia-a-opera-chica-da-silva-em-encontro-da-associacao-das-cidades-historicas-de-minas-gerais-2","status":"publish","type":"post","link":"https:\/\/ipatingafc.com.br\/index.php\/2026\/04\/27\/agencia-minas-gerais-fundacao-clovis-salgado-anuncia-a-opera-chica-da-silva-em-encontro-da-associacao-das-cidades-historicas-de-minas-gerais-2\/","title":{"rendered":"Ag\u00eancia Minas Gerais | Funda\u00e7\u00e3o Cl\u00f3vis Salgado anuncia a \u00f3pera Chica da Silva em encontro da Associa\u00e7\u00e3o das Cidades Hist\u00f3ricas de Minas Gerais"},"content":{"rendered":"<p><\/p>\n<div>\n<p>Durante encontro promovido pela Associa\u00e7\u00e3o das Cidades Hist\u00f3ricas de Minas Gerais, nesta sexta-feira (24\/4), em Diamantina, a Funda\u00e7\u00e3o Cl\u00f3vis Salgado (FCS) anunciou a realiza\u00e7\u00e3o da pr\u00e9-estreia da \u00f3pera Chica da Silva, no munic\u00edpio.<\/p>\n<p>Detalhes da produ\u00e7\u00e3o que integra o Ano JK, programa\u00e7\u00e3o que homenageia o ex-presidente Juscelino Kubitscheck, foram apresentados pelo presidente da FCS, Yuri Mello Mesquita.<\/p>\n<p>\u201cChica da Silva \u00e9 um s\u00edmbolo do Tejuco, de Minas e do Brasil. \u00c9 uma honra para todos e todas da Funda\u00e7\u00e3o Cl\u00f3vis Salgado realizar esta grande \u00f3pera. Por isso, o pr\u00e9-lan\u00e7amento ser\u00e1 em Diamantina, uma das cidades mais charmosas do Brasil e um dos locais mais importantes da Am\u00e9rica Portuguesa no s\u00e9culo 18. Para entendermos a hist\u00f3ria do nosso pa\u00eds, precisamos conhecer Minas, Diamantina e a nossa Chica da Silva\u201d, ressalta o presidente da FCS.<\/p>\n<p>Com pr\u00e9-estreia no dia 12\/9, em Diamantina, e r\u00e9citas nos dias 19, 21 e 23 no Grande Teatro Cemig Pal\u00e1cio das Artes, em Belo Horizonte, a \u00f3pera remonta o Arraial do Tijuco (futura Diamantina) no s\u00e9culo 18.<\/p>\n<p>Neste cen\u00e1rio emerge Chica da Silva, uma mulher negra, rec\u00e9m liberta, que desafia as hierarquias do seu tempo ao se unir ao mais poderoso minerador da regi\u00e3o, em uma intensa e duradoura hist\u00f3ria de amor.<\/p>\n<p>Al\u00e7ada a uma posi\u00e7\u00e3o de destaque impens\u00e1vel para uma mulher de sua origem, Chica passa a enfrentar a inveja, a hostilidade e as armadilhas de uma sociedade de matriz portuguesa que se recusa a aceitar, em sil\u00eancio, sua ascens\u00e3o \u2014 sobretudo quando se v\u00ea sozinha, ap\u00f3s a partida de seu companheiro.<\/p>\n<p><strong>O feminino e a constru\u00e7\u00e3o simb\u00f3lica de Minas Gerais<\/strong><\/p>\n<p>Ao longo da manh\u00e3, os participantes do encontro tamb\u00e9m acompanharam debates importantes sobre a hist\u00f3ria e a cultura local.<\/p>\n<p>O secret\u00e1rio de Estado de Cultura e Turismo de Minas Gerais, Le\u00f4nidas Oliveira, ministrou a palestra \u201cA inven\u00e7\u00e3o do feminino: aus\u00eancia de mulheres e devo\u00e7\u00e3o mariana na forma\u00e7\u00e3o das cidades hist\u00f3ricas de Minas Gerais\u201d.<\/p>\n<p>Ao refletir sobre a import\u00e2ncia da \u00f3pera Chica da Silva, Oliveira ressaltou que o espet\u00e1culo contribui para esse debate sobre o feminino e seu lugar central na constru\u00e7\u00e3o simb\u00f3lica de Minas Gerais. Embora presentes na devo\u00e7\u00e3o, na arte e na vida cotidiana, nem sempre as mulheres s\u00e3o reconhecidas em sua dimens\u00e3o hist\u00f3rica e social.<\/p>\n<p>\u201cAo levar Chica \u00e0 cena, a arte devolve corpo, voz, conflito e complexidade a uma figura que a mem\u00f3ria simplificou. A \u00f3pera permite que Chica retorne n\u00e3o como ilustra\u00e7\u00e3o folcl\u00f3rica, mas como pergunta viva sobre Minas\u201d, analisa o secret\u00e1rio.<\/p>\n<p>\u201cE talvez seja essa a pot\u00eancia maior da arte: fazer o passado falar de novo, n\u00e3o para repeti-lo, mas para desestabilizar o presente. Quando Chica volta como m\u00fasica, drama e cena, ela nos obriga a rever a pr\u00f3pria narrativa mineira\u201d, complementa.<\/p>\n<\/p><\/div>\n","protected":false},"excerpt":{"rendered":"<p>Durante encontro promovido pela Associa\u00e7\u00e3o das Cidades Hist\u00f3ricas de Minas Gerais, nesta sexta-feira (24\/4), em&#8230;<\/p>\n","protected":false},"author":2,"featured_media":0,"comment_status":"","ping_status":"","sticky":false,"template":"","format":"standard","meta":{"footnotes":""},"categories":[2],"tags":[],"class_list":["post-42226","post","type-post","status-publish","format-standard","hentry","category-jogos-ao-vivo"],"amp_enabled":true,"_links":{"self":[{"href":"https:\/\/ipatingafc.com.br\/index.php\/wp-json\/wp\/v2\/posts\/42226","targetHints":{"allow":["GET"]}}],"collection":[{"href":"https:\/\/ipatingafc.com.br\/index.php\/wp-json\/wp\/v2\/posts"}],"about":[{"href":"https:\/\/ipatingafc.com.br\/index.php\/wp-json\/wp\/v2\/types\/post"}],"author":[{"embeddable":true,"href":"https:\/\/ipatingafc.com.br\/index.php\/wp-json\/wp\/v2\/users\/2"}],"replies":[{"embeddable":true,"href":"https:\/\/ipatingafc.com.br\/index.php\/wp-json\/wp\/v2\/comments?post=42226"}],"version-history":[{"count":0,"href":"https:\/\/ipatingafc.com.br\/index.php\/wp-json\/wp\/v2\/posts\/42226\/revisions"}],"wp:attachment":[{"href":"https:\/\/ipatingafc.com.br\/index.php\/wp-json\/wp\/v2\/media?parent=42226"}],"wp:term":[{"taxonomy":"category","embeddable":true,"href":"https:\/\/ipatingafc.com.br\/index.php\/wp-json\/wp\/v2\/categories?post=42226"},{"taxonomy":"post_tag","embeddable":true,"href":"https:\/\/ipatingafc.com.br\/index.php\/wp-json\/wp\/v2\/tags?post=42226"}],"curies":[{"name":"wp","href":"https:\/\/api.w.org\/{rel}","templated":true}]}}