{"id":42242,"date":"2026-04-27T13:34:54","date_gmt":"2026-04-27T16:34:54","guid":{"rendered":"https:\/\/ipatingafc.com.br\/index.php\/2026\/04\/27\/agencia-minas-gerais-exportacoes-do-agro-mineiro-somam-us-393-bilhoes-no-primeiro-trimestre-de-2026\/"},"modified":"2026-04-27T13:34:54","modified_gmt":"2026-04-27T16:34:54","slug":"agencia-minas-gerais-exportacoes-do-agro-mineiro-somam-us-393-bilhoes-no-primeiro-trimestre-de-2026","status":"publish","type":"post","link":"https:\/\/ipatingafc.com.br\/index.php\/2026\/04\/27\/agencia-minas-gerais-exportacoes-do-agro-mineiro-somam-us-393-bilhoes-no-primeiro-trimestre-de-2026\/","title":{"rendered":"Ag\u00eancia Minas Gerais | Exporta\u00e7\u00f5es do agro mineiro somam US$ 3,93 bilh\u00f5es no primeiro\u00a0trimestre de 2026"},"content":{"rendered":"<p><\/p>\n<div>\n<p>As exporta\u00e7\u00f5es do agroneg\u00f3cio mineiro alcan\u00e7aram US$ 3,93 bilh\u00f5es, no primeiro trimestre do ano (janeiro a mar\u00e7o), respondendo por 38,5% da receita total do estado. O segmento se manteve como o principal item da pauta exportadora do estado.<\/p>\n<p>Na avalia\u00e7\u00e3o da assessora t\u00e9cnica da Secretaria de Agricultura, Pecu\u00e1ria e Abastecimento (Seapa-MG), Manoela Teixeira, o desempenho no acumulado do trimestre foi uma combina\u00e7\u00e3o entre oferta, pre\u00e7os internacionais e os produtos que fizeram parte da pauta exportadora.<\/p>\n<p>O volume apresentou queda de 11,2% no per\u00edodo, somando 2,84 milh\u00f5es de toneladas.\u00a0Ela explica que a diferen\u00e7a entre a evolu\u00e7\u00e3o do valor e do volume das principais cadeias produtivas ajuda a compreender melhor o resultado do trimestre. \u201cNo caf\u00e9, por exemplo, a retra\u00e7\u00e3o do volume foi proporcionalmente maior que a da receita, refletindo a perman\u00eancia de pre\u00e7os m\u00e9dios elevados. J\u00e1 no setor sucroalcooleiro aconteceu o inverso. Houve expans\u00e3o do volume exportado combinada ao recuo da receita, indicando redu\u00e7\u00e3o de pre\u00e7os m\u00e9dios\u201d, exemplifica Manoela Teixeira.<\/p>\n<p><strong>Mercados<\/strong><\/p>\n<p>Nos meses de janeiro a mar\u00e7o deste ano, os produtos do agroneg\u00f3cio mineiro foram enviados para 155 pa\u00edses, liderados pela China (US$ 713,1 milh\u00f5es), Estados Unidos (US$ 387,8 milh\u00f5es), Alemanha (US$ 384,1 milh\u00f5es), It\u00e1lia (US$ 307,8 milh\u00f5es) e Jap\u00e3o (US$ 193,8 milh\u00f5es).<\/p>\n<p>\u201cA compara\u00e7\u00e3o deste trimestre com o do ano anterior mostra mudan\u00e7as relevantes na composi\u00e7\u00e3o geogr\u00e1fica das exporta\u00e7\u00f5es. Mercados como It\u00e1lia, \u00cdndia, Taiwan, Tail\u00e2ndia, Filipinas e Su\u00ed\u00e7a ampliaram sua participa\u00e7\u00e3o\u201d, detalha a assessora da Seapa-MG.<\/p>\n<p>No recorte do Oriente M\u00e9dio, considerando Emirados \u00c1rabes Unidos, Turquia, Ar\u00e1bia Saudita, Egito, Iraque, L\u00edbano, Jord\u00e2nia, Om\u00e3, Israel, Ir\u00e3, L\u00edbia, S\u00edria, Catar, I\u00eamen, Kuweit, Bahrein e Palestina, as exporta\u00e7\u00f5es somaram US$ 219,1 milh\u00f5es.\u00a0Com isso, a participa\u00e7\u00e3o desse conjunto de mercados correspondeu a 5,6%\u00a0do total exportado.<\/p>\n<p><strong>Carnes<\/strong><\/p>\n<p>\u200bO segmento das carnes (bovina, su\u00edna e de frango) foi o principal destaque de crescimento no trimestre,\u00a0com recorde das exporta\u00e7\u00f5es de carne bovina para o per\u00edodo tanto em receita quanto em volume. O grupo exportou US$ 419 milh\u00f5es e 117,6 mil toneladas, com alta de 8,7% em valor e 2% em volume frente ao mesmo per\u00edodo de 2025.<\/p>\n<p><strong>Caf\u00e9<\/strong><\/p>\n<p>Principal produto exportado pelo agro mineiro, o caf\u00e9 alcan\u00e7ou US$ 2,4 bilh\u00f5es e volume de 5,4 milh\u00f5es de sacas, com quedas de 18,5% e 31,5%, respectivamente, em rela\u00e7\u00e3o ao primeiro trimestre do ano anterior.<\/p>\n<p><strong>Complexo soja<\/strong><\/p>\n<p>O complexo soja (gr\u00e3o, farelo e \u00f3leo) ocupou a segunda posi\u00e7\u00e3o entre os principais grupos exportados, com US$ 510,4 milh\u00f5es (-11,2%) e volume de\u00a01,2 milh\u00e3o de toneladas (-16,7%). A perda de espa\u00e7o do gr\u00e3o ocorreu paralelamente ao avan\u00e7o do farelo e do \u00f3leo, alterando a composi\u00e7\u00e3o interna do grupo.<\/p>\n<p><strong>Produtos florestais<\/strong><\/p>\n<p>O segmento dos produtos florestais alcan\u00e7ou US$ 240,7 milh\u00f5es (-1%) e volume de 419,1 mil toneladas (+3,4%), com acr\u00e9scimo expressivo para as vendas de papel.<\/p>\n<p><strong>Outros produtos<\/strong><\/p>\n<p>Al\u00e9m do caf\u00e9, Minas Gerais tamb\u00e9m liderou, no trimestre, as exporta\u00e7\u00f5es brasileiras de milho para semeadura, mel natural, batatas preparadas ou conservadas, leites concentrados adocicados e doce de leite.<\/p>\n<p>A assessora t\u00e9cnica Manoela Teixeira ressalta que, embora tenham peso econ\u00f4mico menor que o caf\u00e9, essas lideran\u00e7as s\u00e3o relevantes porque mostram que a pauta agroexportadora mineira n\u00e3o se resume a grandes commodities. \u201cEla tamb\u00e9m avan\u00e7a em nichos agroindustriais e em produtos de maior valor agregado, com presen\u00e7a em mercados espec\u00edficos e exigentes\u201d.<\/p>\n<\/p><\/div>\n","protected":false},"excerpt":{"rendered":"<p>As exporta\u00e7\u00f5es do agroneg\u00f3cio mineiro alcan\u00e7aram US$ 3,93 bilh\u00f5es, no primeiro trimestre do ano (janeiro&#8230;<\/p>\n","protected":false},"author":2,"featured_media":0,"comment_status":"","ping_status":"","sticky":false,"template":"","format":"standard","meta":{"footnotes":""},"categories":[2],"tags":[],"class_list":["post-42242","post","type-post","status-publish","format-standard","hentry","category-jogos-ao-vivo"],"amp_enabled":true,"_links":{"self":[{"href":"https:\/\/ipatingafc.com.br\/index.php\/wp-json\/wp\/v2\/posts\/42242","targetHints":{"allow":["GET"]}}],"collection":[{"href":"https:\/\/ipatingafc.com.br\/index.php\/wp-json\/wp\/v2\/posts"}],"about":[{"href":"https:\/\/ipatingafc.com.br\/index.php\/wp-json\/wp\/v2\/types\/post"}],"author":[{"embeddable":true,"href":"https:\/\/ipatingafc.com.br\/index.php\/wp-json\/wp\/v2\/users\/2"}],"replies":[{"embeddable":true,"href":"https:\/\/ipatingafc.com.br\/index.php\/wp-json\/wp\/v2\/comments?post=42242"}],"version-history":[{"count":0,"href":"https:\/\/ipatingafc.com.br\/index.php\/wp-json\/wp\/v2\/posts\/42242\/revisions"}],"wp:attachment":[{"href":"https:\/\/ipatingafc.com.br\/index.php\/wp-json\/wp\/v2\/media?parent=42242"}],"wp:term":[{"taxonomy":"category","embeddable":true,"href":"https:\/\/ipatingafc.com.br\/index.php\/wp-json\/wp\/v2\/categories?post=42242"},{"taxonomy":"post_tag","embeddable":true,"href":"https:\/\/ipatingafc.com.br\/index.php\/wp-json\/wp\/v2\/tags?post=42242"}],"curies":[{"name":"wp","href":"https:\/\/api.w.org\/{rel}","templated":true}]}}