{"id":42246,"date":"2026-04-27T15:08:57","date_gmt":"2026-04-27T18:08:57","guid":{"rendered":"https:\/\/ipatingafc.com.br\/index.php\/2026\/04\/27\/interdicoes-programadas-para-tuneis-e-no-elevado-das-bandeiras-na-segunda-feira-27-04\/"},"modified":"2026-04-27T15:08:57","modified_gmt":"2026-04-27T18:08:57","slug":"interdicoes-programadas-para-tuneis-e-no-elevado-das-bandeiras-na-segunda-feira-27-04","status":"publish","type":"post","link":"https:\/\/ipatingafc.com.br\/index.php\/2026\/04\/27\/interdicoes-programadas-para-tuneis-e-no-elevado-das-bandeiras-na-segunda-feira-27-04\/","title":{"rendered":"Interdi\u00e7\u00f5es programadas para t\u00faneis e no Elevado das Bandeiras, na segunda-feira (27\/04)"},"content":{"rendered":"<p><\/p>\n<p>T\u00fanel Santa B\u00e1rbara O T\u00fanel Santa B\u00e1rbara ser\u00e1 interditado, no sentido Laranjeiras, das 23h30 desta segunda-feira (27\/04) \u00e0s 4h30 de [&#8230;]<\/p>\n<p>O post Interdi\u00e7\u00f5es programadas para t\u00faneis e no Elevado das Bandeiras, na segunda-feira (27\/04) apareceu primeiro em Prefeitura da Cidade do Rio de Janeiro &#8211; prefeitura.rio.<\/p>\n","protected":false},"excerpt":{"rendered":"<p>T\u00fanel Santa B\u00e1rbara O T\u00fanel Santa B\u00e1rbara ser\u00e1 interditado, no sentido Laranjeiras, das 23h30 desta&#8230;<\/p>\n","protected":false},"author":2,"featured_media":0,"comment_status":"","ping_status":"","sticky":false,"template":"","format":"standard","meta":{"footnotes":""},"categories":[2],"tags":[],"class_list":["post-42246","post","type-post","status-publish","format-standard","hentry","category-jogos-ao-vivo"],"amp_enabled":true,"_links":{"self":[{"href":"https:\/\/ipatingafc.com.br\/index.php\/wp-json\/wp\/v2\/posts\/42246","targetHints":{"allow":["GET"]}}],"collection":[{"href":"https:\/\/ipatingafc.com.br\/index.php\/wp-json\/wp\/v2\/posts"}],"about":[{"href":"https:\/\/ipatingafc.com.br\/index.php\/wp-json\/wp\/v2\/types\/post"}],"author":[{"embeddable":true,"href":"https:\/\/ipatingafc.com.br\/index.php\/wp-json\/wp\/v2\/users\/2"}],"replies":[{"embeddable":true,"href":"https:\/\/ipatingafc.com.br\/index.php\/wp-json\/wp\/v2\/comments?post=42246"}],"version-history":[{"count":0,"href":"https:\/\/ipatingafc.com.br\/index.php\/wp-json\/wp\/v2\/posts\/42246\/revisions"}],"wp:attachment":[{"href":"https:\/\/ipatingafc.com.br\/index.php\/wp-json\/wp\/v2\/media?parent=42246"}],"wp:term":[{"taxonomy":"category","embeddable":true,"href":"https:\/\/ipatingafc.com.br\/index.php\/wp-json\/wp\/v2\/categories?post=42246"},{"taxonomy":"post_tag","embeddable":true,"href":"https:\/\/ipatingafc.com.br\/index.php\/wp-json\/wp\/v2\/tags?post=42246"}],"curies":[{"name":"wp","href":"https:\/\/api.w.org\/{rel}","templated":true}]}}