{"id":42252,"date":"2026-04-27T17:29:52","date_gmt":"2026-04-27T20:29:52","guid":{"rendered":"https:\/\/ipatingafc.com.br\/index.php\/2026\/04\/27\/cafe-com-memoria-celebra-o-dia-do-ferroviario-no-museu-da-estrada-de-ferro-sorocabana-nesta-quinta-feira-30-agencia-de-noticias\/"},"modified":"2026-04-27T17:29:52","modified_gmt":"2026-04-27T20:29:52","slug":"cafe-com-memoria-celebra-o-dia-do-ferroviario-no-museu-da-estrada-de-ferro-sorocabana-nesta-quinta-feira-30-agencia-de-noticias","status":"publish","type":"post","link":"https:\/\/ipatingafc.com.br\/index.php\/2026\/04\/27\/cafe-com-memoria-celebra-o-dia-do-ferroviario-no-museu-da-estrada-de-ferro-sorocabana-nesta-quinta-feira-30-agencia-de-noticias\/","title":{"rendered":"\u201cCaf\u00e9 com Mem\u00f3ria\u201d celebra o Dia do Ferrovi\u00e1rio no Museu da Estrada de Ferro Sorocabana nesta quinta-feira (30) \u2013 Ag\u00eancia de Not\u00edcias"},"content":{"rendered":"<p><\/p>\n<div>\n<div class=\"col\">\n<p class=\"mt-0\">\n                        <strong><br \/>\n                            <span class=\"far fa-calendar mr-1 mt-2\"\/><br \/>\n                            27 de abril de 2026<br \/>\n                            <span class=\"far fa-clock ml-3 mt-2\"\/><br \/>\n                            17:17<br \/>\n                        <\/strong>\n                    <\/p>\n<p class=\"mb-0\">Por: <strong>Evelyn Azevedo<\/strong><\/p>\n<\/p><\/div>\n<\/p><\/div>\n<div>\n<p>A popula\u00e7\u00e3o sorocabana poder\u00e1 participar, nesta quinta-feira (30), \u00e0s 15h, de mais uma edi\u00e7\u00e3o do tradicional \u201cCaf\u00e9 com Mem\u00f3ria\u201d, no Museu da Estrada de Ferro Sorocabana (MEFS), em celebra\u00e7\u00e3o ao Dia do Ferrovi\u00e1rio (30 de abril). O evento \u00e9 gratuito e aberto a todos.<\/p>\n<p>A programa\u00e7\u00e3o especial, realizada pela Secretaria de Cultura (Secult), em parceria com a Sorocabana \u2013 Movimento de Preserva\u00e7\u00e3o Ferrovi\u00e1ria, prop\u00f5e um encontro afetivo e hist\u00f3rico de ex-ferrovi\u00e1rios para um bate-papo sobre a profiss\u00e3o, relembrando a rotina e os momentos importantes para aqueles que viveram esse per\u00edodo primordial da cultura sorocabana.<\/p>\n<p>\u201cMais do que uma celebra\u00e7\u00e3o, o encontro refor\u00e7a a necessidade de preservar a mem\u00f3ria ferrovi\u00e1ria como parte fundamental da identidade da cidade, j\u00e1 que a hist\u00f3ria das ferrovias est\u00e1 diretamente ligada \u00e0 forma\u00e7\u00e3o de Sorocaba, ao crescimento industrial e \u00e0 conex\u00e3o entre diferentes regi\u00f5es do estado\u201d, destaca o secret\u00e1rio da Secult, Luiz Ant\u00f4nio Zamuner.<\/p>\n<p>A data \u00e9 uma refer\u00eancia \u00e0 inaugura\u00e7\u00e3o da primeira linha ferrovi\u00e1ria do Brasil, a Imperial Companhia de Navega\u00e7\u00e3o a Vapor e Estrada de Ferro de Petr\u00f3polis, conhecida, hoje, como a Estrada de Ferro Mau\u00e1, inaugurada pelo Bar\u00e3o de Mau\u00e1, no dia 30 de abril de 1854.<\/p>\n<p>O MEFS est\u00e1 localizado no Jardim Maylasky, na Rua \u00c1lvaro Soares, 533, no Centro. Mais informa\u00e7\u00f5es podem ser obtidas de segunda a sexta-feira, das 8h \u00e0s 17h, pelo telefone: (15) 3231-1026 ou pelo e-mail: mefs@sorocaba.sp.gov.br.<\/p>\n<\/p><\/div>\n","protected":false},"excerpt":{"rendered":"<p>27 de abril de 2026 17:17 Por: Evelyn Azevedo A popula\u00e7\u00e3o sorocabana poder\u00e1 participar, nesta&#8230;<\/p>\n","protected":false},"author":2,"featured_media":0,"comment_status":"","ping_status":"","sticky":false,"template":"","format":"standard","meta":{"footnotes":""},"categories":[2],"tags":[],"class_list":["post-42252","post","type-post","status-publish","format-standard","hentry","category-jogos-ao-vivo"],"amp_enabled":true,"_links":{"self":[{"href":"https:\/\/ipatingafc.com.br\/index.php\/wp-json\/wp\/v2\/posts\/42252","targetHints":{"allow":["GET"]}}],"collection":[{"href":"https:\/\/ipatingafc.com.br\/index.php\/wp-json\/wp\/v2\/posts"}],"about":[{"href":"https:\/\/ipatingafc.com.br\/index.php\/wp-json\/wp\/v2\/types\/post"}],"author":[{"embeddable":true,"href":"https:\/\/ipatingafc.com.br\/index.php\/wp-json\/wp\/v2\/users\/2"}],"replies":[{"embeddable":true,"href":"https:\/\/ipatingafc.com.br\/index.php\/wp-json\/wp\/v2\/comments?post=42252"}],"version-history":[{"count":0,"href":"https:\/\/ipatingafc.com.br\/index.php\/wp-json\/wp\/v2\/posts\/42252\/revisions"}],"wp:attachment":[{"href":"https:\/\/ipatingafc.com.br\/index.php\/wp-json\/wp\/v2\/media?parent=42252"}],"wp:term":[{"taxonomy":"category","embeddable":true,"href":"https:\/\/ipatingafc.com.br\/index.php\/wp-json\/wp\/v2\/categories?post=42252"},{"taxonomy":"post_tag","embeddable":true,"href":"https:\/\/ipatingafc.com.br\/index.php\/wp-json\/wp\/v2\/tags?post=42252"}],"curies":[{"name":"wp","href":"https:\/\/api.w.org\/{rel}","templated":true}]}}