{"id":42255,"date":"2026-04-27T18:26:47","date_gmt":"2026-04-27T21:26:47","guid":{"rendered":"https:\/\/ipatingafc.com.br\/index.php\/2026\/04\/27\/governo-entrega-aceleradores-lineares-para-radioterapia-para-5-estados\/"},"modified":"2026-04-27T18:26:47","modified_gmt":"2026-04-27T21:26:47","slug":"governo-entrega-aceleradores-lineares-para-radioterapia-para-5-estados","status":"publish","type":"post","link":"https:\/\/ipatingafc.com.br\/index.php\/2026\/04\/27\/governo-entrega-aceleradores-lineares-para-radioterapia-para-5-estados\/","title":{"rendered":"Governo entrega aceleradores lineares para radioterapia para 5 estados"},"content":{"rendered":"<p><\/p>\n<div wp_automatic_readability=\"101.36686576548\">\n<p>O governo federal entregou nesta segunda-feira (27) aceleradores lineares para o tratamento de radioterapia contra o c\u00e2ncer em cinco estados. Os equipamentos foram entregues aos munic\u00edpios de Presidente Prudente (SP), An\u00e1polis (GO), Jaragu\u00e1 do Sul (SC), Lajeado (RS) e Teres\u00f3polis (RJ).<\/p>\n<p><strong>O investimento foi de R$ 58,8 milh\u00f5es, executado pelo programa Agora Tem Especialistas<\/strong>, que tem a finalidade de expandir a assist\u00eancia m\u00e9dica e reduzir filas em \u00e1reas priorit\u00e1rias, como a oncologia.\u00a0<\/p>\n<p>De acordo com o Minist\u00e9rio da Sa\u00fade, os aceleradores lineares s\u00e3o equipamentos modernos que permitem que o tratamento contra o c\u00e2ncer seja mais preciso, com menos sess\u00f5es e menor impacto para o paciente.\u00a0<\/p>\n<p><strong>DPU alerta para a\u00e7\u00e3o de golpistas que fingem ser defensores p\u00fablicos<\/strong><\/p>\n<p><strong>Emprego feminino aumenta 11%, mas desigualdade salarial persiste<\/strong><\/p>\n<p><strong>Desde 2023, o governo federal j\u00e1 entregou 40 desses novos aparelhos.<\/strong><\/p>\n<p>Segundo a pasta, em Presidente Prudente, o novo equipamento permitir\u00e1 o atendimento de 86% da demanda regional, consolidando a cidade como um polo de refer\u00eancia para munic\u00edpios vizinhos, como Tup\u00e3, Mar\u00edlia e Assis, reduzindo a depend\u00eancia de centros como Barretos e Ja\u00fa, e da capital do estado.<\/p>\n<p><strong>\u201cAgora, todas as pessoas da regi\u00e3o v\u00e3o poder fazer o tratamento completo do c\u00e2ncer aqui, pr\u00f3ximo de onde vivem e moram\u201d, destacou o ministro da Sa\u00fade, Alexandre Padilha<\/strong>, no evento de entrega do aparelho e de inaugura\u00e7\u00e3o do Centro de Radioterapia do Hospital Regional de Presidente Prudente, no interior de S\u00e3o Paulo. Autoridades de sa\u00fade dos outros quatro estados beneficiados participaram do evento por videoconfer\u00eancia.\u00a0<\/p>\n<p>De acordo com o minist\u00e9rio, em Teres\u00f3polis, a expans\u00e3o da assist\u00eancia reduzir\u00e1 o n\u00famero de pacientes que precisam ir at\u00e9 o Rio de Janeiro, Niter\u00f3i, Vassouras ou Campos.\u00a0<\/p>\n<p><strong>Governo federal anuncia recursos para o Pronaf Mais Leite<\/strong><\/p>\n<p><strong>Justi\u00e7a condena estado de SP a indenizar fam\u00edlia de homem morto por PM<\/strong><\/p>\n<p>O acelerador linear de Jaragu\u00e1 do Sul beneficiar\u00e1 os munic\u00edpios de Joinville, S\u00e3o Bento do Sul, Mafra, Tr\u00eas Barras, Canoinhas, entre outros.\u00a0<\/p>\n<p><strong>Lajeado, refer\u00eancia na regi\u00e3o do Vale do Taquari, atender\u00e1 oito munic\u00edpios pr\u00f3ximos, respondendo por 73% da demanda regional.<\/strong>\u00a0<\/p>\n<p>O aumento da capacidade em An\u00e1polis reduzir\u00e1 a dist\u00e2ncia dos pacientes que acabam tendo de buscar atendimento na capital goiana.<\/p>\n<p>\u201cEsse aparelho novo, o acelerador linear, n\u00e3o \u00e9 para exame, \u00e9 para fazer o tratamento, \u00e9 para curar o c\u00e2ncer. [A sess\u00e3o] demora de 10 a 15 minutos em cada paciente. E, em 30 dias, geralmente, encerra-se o tratamento\u201d, explicou o vice-presidente da Rep\u00fablica, Geraldo Alckmin.<\/p>\n<p><strong>No evento, tamb\u00e9m foi anunciado que o governo adquiriu 3,3 mil ve\u00edculos de transporte para atender a todo o pa\u00eds na \u00e1rea da sa\u00fade.<\/strong>\u00a0<\/p>\n<p>Para o estado de S\u00e3o Paulo foram reservados 30 micro-\u00f4nibus para o transporte de pacientes que precisam se deslocar para fazer radioterapia e hemodi\u00e1lise. Com investimento de R$ 16,4 milh\u00f5es, o estado \u00e9 o segundo a ser contemplado pelo programa Agora Tem Especialistas Caminhos da Sa\u00fade, depois do Cear\u00e1, que recebeu 26 unidades.<\/p>\n<\/div>\n","protected":false},"excerpt":{"rendered":"<p>O governo federal entregou nesta segunda-feira (27) aceleradores lineares para o tratamento de radioterapia contra&#8230;<\/p>\n","protected":false},"author":2,"featured_media":0,"comment_status":"","ping_status":"","sticky":false,"template":"","format":"standard","meta":{"footnotes":""},"categories":[2],"tags":[],"class_list":["post-42255","post","type-post","status-publish","format-standard","hentry","category-jogos-ao-vivo"],"amp_enabled":true,"_links":{"self":[{"href":"https:\/\/ipatingafc.com.br\/index.php\/wp-json\/wp\/v2\/posts\/42255","targetHints":{"allow":["GET"]}}],"collection":[{"href":"https:\/\/ipatingafc.com.br\/index.php\/wp-json\/wp\/v2\/posts"}],"about":[{"href":"https:\/\/ipatingafc.com.br\/index.php\/wp-json\/wp\/v2\/types\/post"}],"author":[{"embeddable":true,"href":"https:\/\/ipatingafc.com.br\/index.php\/wp-json\/wp\/v2\/users\/2"}],"replies":[{"embeddable":true,"href":"https:\/\/ipatingafc.com.br\/index.php\/wp-json\/wp\/v2\/comments?post=42255"}],"version-history":[{"count":0,"href":"https:\/\/ipatingafc.com.br\/index.php\/wp-json\/wp\/v2\/posts\/42255\/revisions"}],"wp:attachment":[{"href":"https:\/\/ipatingafc.com.br\/index.php\/wp-json\/wp\/v2\/media?parent=42255"}],"wp:term":[{"taxonomy":"category","embeddable":true,"href":"https:\/\/ipatingafc.com.br\/index.php\/wp-json\/wp\/v2\/categories?post=42255"},{"taxonomy":"post_tag","embeddable":true,"href":"https:\/\/ipatingafc.com.br\/index.php\/wp-json\/wp\/v2\/tags?post=42255"}],"curies":[{"name":"wp","href":"https:\/\/api.w.org\/{rel}","templated":true}]}}