{"id":42259,"date":"2026-04-27T19:50:45","date_gmt":"2026-04-27T22:50:45","guid":{"rendered":"https:\/\/ipatingafc.com.br\/index.php\/2026\/04\/27\/agencia-minas-gerais-equipe-da-cemig-conquista-titulo-internacional-em-rodeio-de-eletricistas-na-costa-rica\/"},"modified":"2026-04-27T19:50:45","modified_gmt":"2026-04-27T22:50:45","slug":"agencia-minas-gerais-equipe-da-cemig-conquista-titulo-internacional-em-rodeio-de-eletricistas-na-costa-rica","status":"publish","type":"post","link":"https:\/\/ipatingafc.com.br\/index.php\/2026\/04\/27\/agencia-minas-gerais-equipe-da-cemig-conquista-titulo-internacional-em-rodeio-de-eletricistas-na-costa-rica\/","title":{"rendered":"Ag\u00eancia Minas Gerais | Equipe da Cemig conquista t\u00edtulo internacional em rodeio de eletricistas na Costa Rica"},"content":{"rendered":"<p><\/p>\n<div>\n<section class=\"news-related \/ col-md-4 col-lg-3 \/ margin-md-bottom-2 margin-left-1 \/ pull-right \/ hidden-xs hidden-sm\">\n<header>\n<p class=\"text-title-section \/ margin-bottom-1\">Relacionadas<\/p>\n<\/header>\n<p>\t\t\t\t\t\t\t<main><\/p>\n<hr class=\"row margin-md-bottom-2\"\/>\n<hr class=\"row margin-md-bottom-2\"\/>\n\t\t\t\t\t\t\t<\/main><br \/>\n\t\t\t\t\t\t<\/section>\n<p>A equipe de eletricistas da Companhia Energ\u00e9tica de Minas Gerais (Cemig) conquistou, no \u00faltimo fim de semana, o t\u00edtulo de campe\u00e3 do Rodeio Internacional de Eletricistas, realizado em San Jos\u00e9, na Costa Rica. A competi\u00e7\u00e3o reuniu profissionais de diferentes pa\u00edses da Am\u00e9rica Latina e destacou as melhores pr\u00e1ticas t\u00e9cnicas, operacionais e de seguran\u00e7a no setor el\u00e9trico.<\/p>\n<p>O rodeio de eletricistas \u00e9 um dos principais eventos do segmento e tem como objetivo avaliar as habilidades t\u00e9cnicas, comportamentais e de seguran\u00e7a de profissionais que atuam em atividades de alta complexidade no sistema el\u00e9trico. Durante as provas, os participantes enfrentam desafios que simulam situa\u00e7\u00f5es reais do dia a dia das concession\u00e1rias de energia el\u00e9trica.<\/p>\n<p>Entre as atividades avaliadas, est\u00e3o opera\u00e7\u00f5es como manobras seguras na rede el\u00e9trica, substitui\u00e7\u00e3o de equipamentos, execu\u00e7\u00e3o de procedimentos t\u00e9cnicos em altura e at\u00e9 simula\u00e7\u00f5es de resgate de profissionais em situa\u00e7\u00f5es de acidentes e de risco.<\/p>\n<p>Os competidores s\u00e3o avaliados por ju\u00edzes especializados, que consideram crit\u00e9rios como precis\u00e3o e t\u00e9cnica, efici\u00eancia nas opera\u00e7\u00f5es, tempo de execu\u00e7\u00e3o e, principalmente, seguran\u00e7a do trabalho na realiza\u00e7\u00e3o das tarefas.<\/p>\n<p><strong>Classifica\u00e7\u00e3o nacional<\/strong><\/p>\n<p>Representando o Brasil, a Cemig participou com uma delega\u00e7\u00e3o de dez profissionais, formada por eletricistas competidores, equipe t\u00e9cnica e avaliadores. A disputa ocorreu em um ambiente que alia competitividade, integra\u00e7\u00e3o e troca de experi\u00eancias, permitindo o interc\u00e2mbio de conhecimentos entre profissionais de diferentes pa\u00edses.<\/p>\n<p>O superintendente da Regional Centro da Cemig, Ernando Braga, acompanhou a delega\u00e7\u00e3o da companhia e ressaltou a import\u00e2ncia da conquista. \u201cEsse resultado coloca a Cemig em destaque no cen\u00e1rio internacional e refor\u00e7a a capacidade t\u00e9cnica das nossas equipes, que atuam diariamente em atividades complexas com alto padr\u00e3o de seguran\u00e7a\u201d, afirma.<\/p>\n<p>Al\u00e9m dos profissionais da Cemig, participaram equipes da Col\u00f4mbia, Equador, El Salvador, Paraguai, Peru, Uruguai e Costa Rica.\u00a0<\/p>\n<figure class=\"image\" style=\"float:left\">&#13;<br \/>\n&#13;<figcaption><sub><em>Equipe premiada da Cemig (Cr\u00e9dito: Cemig \/ Divulga\u00e7\u00e3o)<\/em><\/sub><\/figcaption>&#13;<br \/>\n<\/figure>\n<p>&#13;<br \/>\n<strong>Melhor eletricista da Am\u00e9rica Latina \u00e9 da Cemig<\/strong><\/p>\n<p>Al\u00e9m do t\u00edtulo por equipe, o eletricista Leandro Santos foi eleito o melhor eletricista da competi\u00e7\u00e3o, reconhecimento que refor\u00e7a o alto n\u00edvel t\u00e9cnico dos profissionais da Cemig no cen\u00e1rio internacional. Com trajet\u00f3ria constru\u00edda ao longo de mais de 15 anos, ele destacou a conquista como a realiza\u00e7\u00e3o de um objetivo que come\u00e7ou ainda no in\u00edcio da carreira.<\/p>\n<p>\u201cTodo eletricista anseia participar de um rodeio como esse. Foi um desafio muito grande, com equipamentos e estruturas diferentes do que estamos acostumados, mas nos preparamos muito. Ser reconhecido como o melhor eletricista da competi\u00e7\u00e3o \u00e9 a realiza\u00e7\u00e3o de um sonho\u201d, afirma.<\/p>\n<p>Leandro iniciou sua trajet\u00f3ria como eletricista em 2010, atuando em empresas parceiras da Cemig, em trabalhos na rede de distribui\u00e7\u00e3o. H\u00e1 cerca de dois anos e meio, ele passou em concurso p\u00fablico e passou a integrar o quadro efetivo da companhia.\u00a0<\/p>\n<\/p><\/div>\n","protected":false},"excerpt":{"rendered":"<p>Relacionadas A equipe de eletricistas da Companhia Energ\u00e9tica de Minas Gerais (Cemig) conquistou, no \u00faltimo&#8230;<\/p>\n","protected":false},"author":2,"featured_media":0,"comment_status":"","ping_status":"","sticky":false,"template":"","format":"standard","meta":{"footnotes":""},"categories":[2],"tags":[],"class_list":["post-42259","post","type-post","status-publish","format-standard","hentry","category-jogos-ao-vivo"],"amp_enabled":true,"_links":{"self":[{"href":"https:\/\/ipatingafc.com.br\/index.php\/wp-json\/wp\/v2\/posts\/42259","targetHints":{"allow":["GET"]}}],"collection":[{"href":"https:\/\/ipatingafc.com.br\/index.php\/wp-json\/wp\/v2\/posts"}],"about":[{"href":"https:\/\/ipatingafc.com.br\/index.php\/wp-json\/wp\/v2\/types\/post"}],"author":[{"embeddable":true,"href":"https:\/\/ipatingafc.com.br\/index.php\/wp-json\/wp\/v2\/users\/2"}],"replies":[{"embeddable":true,"href":"https:\/\/ipatingafc.com.br\/index.php\/wp-json\/wp\/v2\/comments?post=42259"}],"version-history":[{"count":0,"href":"https:\/\/ipatingafc.com.br\/index.php\/wp-json\/wp\/v2\/posts\/42259\/revisions"}],"wp:attachment":[{"href":"https:\/\/ipatingafc.com.br\/index.php\/wp-json\/wp\/v2\/media?parent=42259"}],"wp:term":[{"taxonomy":"category","embeddable":true,"href":"https:\/\/ipatingafc.com.br\/index.php\/wp-json\/wp\/v2\/categories?post=42259"},{"taxonomy":"post_tag","embeddable":true,"href":"https:\/\/ipatingafc.com.br\/index.php\/wp-json\/wp\/v2\/tags?post=42259"}],"curies":[{"name":"wp","href":"https:\/\/api.w.org\/{rel}","templated":true}]}}