{"id":42260,"date":"2026-04-27T20:29:54","date_gmt":"2026-04-27T23:29:54","guid":{"rendered":"https:\/\/ipatingafc.com.br\/index.php\/2026\/04\/27\/crea-rj-vai-autuar-empresa-apos-morte-de-trabalhador\/"},"modified":"2026-04-27T20:29:54","modified_gmt":"2026-04-27T23:29:54","slug":"crea-rj-vai-autuar-empresa-apos-morte-de-trabalhador","status":"publish","type":"post","link":"https:\/\/ipatingafc.com.br\/index.php\/2026\/04\/27\/crea-rj-vai-autuar-empresa-apos-morte-de-trabalhador\/","title":{"rendered":"Crea-RJ vai autuar empresa ap\u00f3s morte de trabalhador"},"content":{"rendered":"<p><\/p>\n<div wp_automatic_readability=\"73.838088918381\">\n<p>O Conselho Regional de Engenharia e Agronomia do Rio (Crea-RJ) informou nesta segunda-feira\u00a0(27)\u00a0que vai autuar e multar a empresa MG Coutinho Servi\u00e7os Cenogr\u00e1ficos, ap\u00f3s a morte de um trabalhador durante a montagem do palco para o show da cantora Shakira, na Praia de Copacabana. A apresenta\u00e7\u00e3o est\u00e1 marcada para o pr\u00f3ximo s\u00e1bado (2).<\/p>\n<p>Os fiscais do CREA-RJ \u201cconstataram que a empresa n\u00e3o tem registro no conselho para exercer atividades de engenharia e muito menos respons\u00e1vel t\u00e9cnico\u201d, informou a nota.<\/p>\n<p><strong>O serralheiro Gabriel de Jesus Firmino, de 28 anos,\u00a0sofreu esmagamento das pernas em um sistema de eleva\u00e7\u00e3o enquanto trabalhava na montagem do palco, na tarde de domingo (26)<\/strong>. Antes da chegada do Corpo de Bombeiros, ele j\u00e1 havia sido retirado do equipamento por outros funcion\u00e1rios.<\/p>\n<p><strong>Programa Brasil Digital fortalece expans\u00e3o da RNCP<\/strong><\/p>\n<p><strong>Projeto leva tratamento gratuito a doen\u00e7as negligenciadas no Amazonas<\/strong><\/p>\n<p>O homem chegou a ser encaminhado ao Hospital Municipal Miguel Couto, no Leblon, mas n\u00e3o resistiu aos ferimentos.<\/p>\n<p>O Crea-RJ afirmou que seus fiscais\u00a0acompanham a montagem do palco desde o dia 7 de abril e estiveram no local novamente nesta segunda-feira, a fim de levantar informa\u00e7\u00f5es sobre o acidente que matou o oper\u00e1rio.<\/p>\n<p>O conselho tamb\u00e9m oficiou\u00a0a empresa B\u00f4nus Track, produtora do evento, solicitando\u00a0a rela\u00e7\u00e3o de empresas e profissionais que prestam servi\u00e7os t\u00e9cnicos de instala\u00e7\u00e3o e\/ou manuten\u00e7\u00e3o para o show da Shakira, al\u00e9m de documentos como contratos e notas fiscais. O prazo para resposta \u00e9 de quatro dias a partir desta segunda-feira.\u00a0<\/p>\n<p>A <strong>Ag\u00eancia Brasil<\/strong> tentou contato com a\u00a0empresa\u00a0MG Coutinho Servi\u00e7os Cenogr\u00e1ficos, mas n\u00e3o teve retorno at\u00e9 o fechamento dessa reportagem. Em nota sobre a morte do oper\u00e1rio recebida pela <strong>TV Brasil<\/strong>, a empresa B\u00f4nus Track lamentou o ocorrido e disse que est\u00e1 prestando apoio \u00e0 fam\u00edlia da v\u00edtima.<\/p>\n<p><strong>Governo entrega aceleradores lineares para radioterapia para 5 estados<\/strong><\/p>\n<p><strong>DPU alerta para a\u00e7\u00e3o de golpistas que fingem ser defensores p\u00fablicos<\/strong><\/p>\n<h2>Investiga\u00e7\u00e3o<\/h2>\n<p><strong>Respons\u00e1vel pela investiga\u00e7\u00e3o do caso, o\u00a0delegado da Pol\u00edcia Civil \u00c2ngelo Lages, titular da Delegacia Policial de Copacabana, disse \u00e0 imprensa que\u00a0trabalha com as hip\u00f3teses de enquadrar a morte como homic\u00eddio culposo ou acidente.<\/strong><\/p>\n<p>\u201cVamos trabalhar com as duas possibilidades e concentrar os trabalhos no equipamento\u201d.<\/p>\n<p>O policial disse ainda que a apura\u00e7\u00e3o vai conferir se a morte envolveu neglig\u00eancia, imprud\u00eancia, uma inobserv\u00e2ncia de algum dever de cuidado.<\/p>\n<p>\u201cEm princ\u00edpio, o que a gente entendeu foi que ele [Gabriel] estava soldando uma pe\u00e7a e teria dado um comando para um outro operador baixar o elevador, e ele acabou prensado entre os dois equipamentos\u201d.<\/p>\n<p>A per\u00edcia t\u00e9cnica da Pol\u00edcia Civil voltou nesta segunda-feira\u00a0(27) ao local do acidente, e o delegado disse acreditar que o caso ser\u00e1 esclarecido em um m\u00eas. O laudo da pericia tamb\u00e9m deve ser conclu\u00eddo em 30 dias.\u00a0<\/p>\n<\/div>\n","protected":false},"excerpt":{"rendered":"<p>O Conselho Regional de Engenharia e Agronomia do Rio (Crea-RJ) informou nesta segunda-feira\u00a0(27)\u00a0que vai autuar&#8230;<\/p>\n","protected":false},"author":2,"featured_media":0,"comment_status":"","ping_status":"","sticky":false,"template":"","format":"standard","meta":{"footnotes":""},"categories":[2],"tags":[],"class_list":["post-42260","post","type-post","status-publish","format-standard","hentry","category-jogos-ao-vivo"],"amp_enabled":true,"_links":{"self":[{"href":"https:\/\/ipatingafc.com.br\/index.php\/wp-json\/wp\/v2\/posts\/42260","targetHints":{"allow":["GET"]}}],"collection":[{"href":"https:\/\/ipatingafc.com.br\/index.php\/wp-json\/wp\/v2\/posts"}],"about":[{"href":"https:\/\/ipatingafc.com.br\/index.php\/wp-json\/wp\/v2\/types\/post"}],"author":[{"embeddable":true,"href":"https:\/\/ipatingafc.com.br\/index.php\/wp-json\/wp\/v2\/users\/2"}],"replies":[{"embeddable":true,"href":"https:\/\/ipatingafc.com.br\/index.php\/wp-json\/wp\/v2\/comments?post=42260"}],"version-history":[{"count":0,"href":"https:\/\/ipatingafc.com.br\/index.php\/wp-json\/wp\/v2\/posts\/42260\/revisions"}],"wp:attachment":[{"href":"https:\/\/ipatingafc.com.br\/index.php\/wp-json\/wp\/v2\/media?parent=42260"}],"wp:term":[{"taxonomy":"category","embeddable":true,"href":"https:\/\/ipatingafc.com.br\/index.php\/wp-json\/wp\/v2\/categories?post=42260"},{"taxonomy":"post_tag","embeddable":true,"href":"https:\/\/ipatingafc.com.br\/index.php\/wp-json\/wp\/v2\/tags?post=42260"}],"curies":[{"name":"wp","href":"https:\/\/api.w.org\/{rel}","templated":true}]}}