{"id":42264,"date":"2026-04-27T21:51:51","date_gmt":"2026-04-28T00:51:51","guid":{"rendered":"https:\/\/ipatingafc.com.br\/index.php\/2026\/04\/27\/mae-e-crianca-brasileiras-morrem-no-libano-apos-ataques-de-israel\/"},"modified":"2026-04-27T21:51:51","modified_gmt":"2026-04-28T00:51:51","slug":"mae-e-crianca-brasileiras-morrem-no-libano-apos-ataques-de-israel","status":"publish","type":"post","link":"https:\/\/ipatingafc.com.br\/index.php\/2026\/04\/27\/mae-e-crianca-brasileiras-morrem-no-libano-apos-ataques-de-israel\/","title":{"rendered":"M\u00e3e e crian\u00e7a brasileiras morrem no L\u00edbano ap\u00f3s ataques de Israel"},"content":{"rendered":"<p><\/p>\n<div wp_automatic_readability=\"56.886899151744\">\n<p><strong>Duas brasileiras, sendo uma mulher e a filha dela, de 11 anos de idade, morreram quando estavam em casa, em Bint Jeil, no Sul do L\u00edbano, ap\u00f3s ataques das for\u00e7as armadas israelenses, no domingo (26). <\/strong><\/p>\n<p>A informa\u00e7\u00e3o foi confirmada na noite desta segunda (27) pelo Minist\u00e9rio das Rela\u00e7\u00f5es Exteriores do Brasil, o Itamaraty.<\/p>\n<p>O governo acrescentou que o pai da menina, que \u00e9 liban\u00eas, tamb\u00e9m n\u00e3o sobreviveu aos bombardeios. <strong>Um outro filho do casal, que tamb\u00e9m \u00e9 brasileiro, foi hospitalizado. <\/strong><\/p>\n<p><strong>Caixa libera dinheiro de antigo fundo PIS\/Pasep; veja como sacar<\/strong><\/p>\n<p><strong>Show da Shakira: Crea-RJ vai autuar empresa ap\u00f3s morte de trabalhador<\/strong><\/p>\n<p>Segundo a nota, a Embaixada do Brasil em Beirute est\u00e1 em contato com a fam\u00edlia das v\u00edtimas para prestar assist\u00eancia consular, incluindo ao filho hospitalizado.<\/p>\n<h2>Viola\u00e7\u00f5es inaceit\u00e1veis<\/h2>\n<p>O Minist\u00e9rio das Rela\u00e7\u00f5es Exteriores considerou que o ataque constitui mais um exemplo das \u201creiteradas e inaceit\u00e1veis\u201d viola\u00e7\u00f5es ao cessar-fogo anunciado em 16 de abril.\u00a0\u00a0<\/p>\n<p>Segundo o documento emitido pela diplomacia brasileira, essas viola\u00e7\u00f5es j\u00e1 resultaram na morte de \u201cdezenas de civis libaneses, incluindo mulheres e crian\u00e7as, assim como de uma jornalista e de dois integrantes franceses da For\u00e7a Interina das Na\u00e7\u00f5es Unidas no L\u00edbano (UNIFIL)\u201d.<\/p>\n<p>O governo brasileiro expressou condol\u00eancias aos familiares das v\u00edtimas e reiterou \u201cveemente condena\u00e7\u00e3o a todos os ataques perpetrados durante a vig\u00eancia do cessar-fogo, tanto por parte das for\u00e7as israelenses quanto do Hezbollah\u201d.\u00a0<\/p>\n<p><strong>Programa Brasil Digital fortalece expans\u00e3o da RNCP<\/strong><\/p>\n<p><strong>Projeto leva tratamento gratuito a doen\u00e7as negligenciadas no Amazonas<\/strong><\/p>\n<p>A nota do Itamaraty tamb\u00e9m condenou as demoli\u00e7\u00f5es de resid\u00eancias e de outras estruturas civis no Sul do L\u00edbano, pelas for\u00e7as israelenses.\u00a0<\/p>\n<p>O Brasil pede que seja cumprida a resolu\u00e7\u00e3o do Conselho de Seguran\u00e7a das Na\u00e7\u00f5es Unidas, que estabeleceu os termos do cessar-fogo desde 2006 na regi\u00e3o e tamb\u00e9m a retirada completa das for\u00e7as israelenses do territ\u00f3rio liban\u00eas.<\/p>\n<p>Clique aqui e leia a \u00edntegra da nota.<\/p>\n<\/div>\n","protected":false},"excerpt":{"rendered":"<p>Duas brasileiras, sendo uma mulher e a filha dela, de 11 anos de idade, morreram&#8230;<\/p>\n","protected":false},"author":2,"featured_media":0,"comment_status":"","ping_status":"","sticky":false,"template":"","format":"standard","meta":{"footnotes":""},"categories":[2],"tags":[],"class_list":["post-42264","post","type-post","status-publish","format-standard","hentry","category-jogos-ao-vivo"],"amp_enabled":true,"_links":{"self":[{"href":"https:\/\/ipatingafc.com.br\/index.php\/wp-json\/wp\/v2\/posts\/42264","targetHints":{"allow":["GET"]}}],"collection":[{"href":"https:\/\/ipatingafc.com.br\/index.php\/wp-json\/wp\/v2\/posts"}],"about":[{"href":"https:\/\/ipatingafc.com.br\/index.php\/wp-json\/wp\/v2\/types\/post"}],"author":[{"embeddable":true,"href":"https:\/\/ipatingafc.com.br\/index.php\/wp-json\/wp\/v2\/users\/2"}],"replies":[{"embeddable":true,"href":"https:\/\/ipatingafc.com.br\/index.php\/wp-json\/wp\/v2\/comments?post=42264"}],"version-history":[{"count":0,"href":"https:\/\/ipatingafc.com.br\/index.php\/wp-json\/wp\/v2\/posts\/42264\/revisions"}],"wp:attachment":[{"href":"https:\/\/ipatingafc.com.br\/index.php\/wp-json\/wp\/v2\/media?parent=42264"}],"wp:term":[{"taxonomy":"category","embeddable":true,"href":"https:\/\/ipatingafc.com.br\/index.php\/wp-json\/wp\/v2\/categories?post=42264"},{"taxonomy":"post_tag","embeddable":true,"href":"https:\/\/ipatingafc.com.br\/index.php\/wp-json\/wp\/v2\/tags?post=42264"}],"curies":[{"name":"wp","href":"https:\/\/api.w.org\/{rel}","templated":true}]}}